{"id":37820,"date":"2022-05-30T16:39:24","date_gmt":"2022-05-30T19:39:24","guid":{"rendered":"https:\/\/www.paranapraia.com.br\/?p=37820"},"modified":"2022-05-30T16:39:26","modified_gmt":"2022-05-30T19:39:26","slug":"prefeitura-de-pontal-do-parana-participa-de-oficina-para-formacao-do-conselho-consultivo-do-parque-nacional-marinho-das-ilhas-dos-currais","status":"publish","type":"post","link":"https:\/\/www.paranapraia.com.br\/index.php\/2022\/05\/30\/prefeitura-de-pontal-do-parana-participa-de-oficina-para-formacao-do-conselho-consultivo-do-parque-nacional-marinho-das-ilhas-dos-currais\/","title":{"rendered":"Prefeitura de Pontal do Paran\u00e1 participa de oficina para forma\u00e7\u00e3o do conselho consultivo do Parque Nacional Marinho das Ilhas dos Currais"},"content":{"rendered":"\n<p>O Instituto Chico Mendes de Conserva\u00e7\u00e3o da Biodiversidade (ICMBio), por meio do N\u00facleo de Gest\u00e3o Integrada em Matinhos, realizou uma oficina com institui\u00e7\u00f5es parceiras para a forma\u00e7\u00e3o do Conselho Consultivo do Parque Nacional Marinho das Ilhas dos Currais, no dia 26\/05. O evento contou com representantes das Col\u00f4nias de Pescadores de Matinhos (Z4) e de Pontal do Paran\u00e1 (Z5), da Prefeitura de Pontal do Paran\u00e1, Centro de Estudos do Mar (CEM) da UFPR, MarBrasil e Instituto de Desenvolvimento Rural (IDR) de Pontal do Paran\u00e1, e foi realizado nas depend\u00eancias da UFPR-Litoral, em Caiob\u00e1, Matinhos.Os participantes da Oficina tiveram como desafio atingir dois objetivos principais, sendo o primeiro, identificar setores e grupos de usu\u00e1rios e reguladores relacionados ao Parque Nacional Marinho das Ilhas dos Currais (PARNAMAR das Ilhas dos Currais).<\/p>\n\n\n\n<p> O segundo foi planejar a mobiliza\u00e7\u00e3o e sensibiliza\u00e7\u00e3o de tais atores sociais, despertando-os para a import\u00e2ncia da participa\u00e7\u00e3o de cada um na composi\u00e7\u00e3o do Conselho a ser institu\u00eddo.Mas para que serve o Conselho? De acordo com a legisla\u00e7\u00e3o, sua fun\u00e7\u00e3o \u00e9 constituir-se em um f\u00f3rum democr\u00e1tico de di\u00e1logo, valoriza\u00e7\u00e3o, participa\u00e7\u00e3o e controle social, debate e gest\u00e3o do Parque Nacional, inclu\u00eddo seu territ\u00f3rio de influ\u00eancia, para tratar de quest\u00f5es ambientais, sociais, econ\u00f4micas e culturais que tenham rela\u00e7\u00e3o com essa Unidade de Conserva\u00e7\u00e3o.Na avalia\u00e7\u00e3o ao final do evento, todos os participantes consideraram que os objetivos foram plenamente alcan\u00e7ados. Com isso, mais um passo importante foi dado rumo \u00e0 forma\u00e7\u00e3o do Conselho Consultivo, importante instrumento de gest\u00e3o do PARNAMAR das Ilhas dos Currais, para que este cumpra melhor seus objetivos de cria\u00e7\u00e3o.<\/p>\n\n\n\n<p>Assessoria<\/p>\n","protected":false},"excerpt":{"rendered":"<p>O Instituto Chico Mendes de Conserva\u00e7\u00e3o da Biodiversidade (ICMBio), por meio do N\u00facleo de Gest\u00e3o Integrada em Matinhos, realizou uma oficina com institui\u00e7\u00f5es parceiras para a forma\u00e7\u00e3o do Conselho Consultivo do Parque Nacional Marinho das Ilhas dos Currais, no dia 26\/05. O evento contou com representantes das Col\u00f4nias de Pescadores de Matinhos (Z4) e de [&hellip;]<\/p>\n","protected":false},"author":2,"featured_media":37821,"comment_status":"open","ping_status":"open","sticky":false,"template":"","format":"standard","meta":{"advanced_seo_description":"","jetpack_seo_html_title":"","jetpack_seo_noindex":false,"_jetpack_memberships_contains_paid_content":false,"footnotes":""},"categories":[65],"tags":[],"class_list":{"0":"post-37820","1":"post","2":"type-post","3":"status-publish","4":"format-standard","5":"has-post-thumbnail","7":"category-pontal-do-parana"},"jetpack_featured_media_url":"https:\/\/www.paranapraia.com.br\/wp-content\/uploads\/2022\/05\/285180732_1879400648924080_2104829802974774239_n.jpg","jetpack_sharing_enabled":true,"_links":{"self":[{"href":"https:\/\/www.paranapraia.com.br\/index.php\/wp-json\/wp\/v2\/posts\/37820"}],"collection":[{"href":"https:\/\/www.paranapraia.com.br\/index.php\/wp-json\/wp\/v2\/posts"}],"about":[{"href":"https:\/\/www.paranapraia.com.br\/index.php\/wp-json\/wp\/v2\/types\/post"}],"author":[{"embeddable":true,"href":"https:\/\/www.paranapraia.com.br\/index.php\/wp-json\/wp\/v2\/users\/2"}],"replies":[{"embeddable":true,"href":"https:\/\/www.paranapraia.com.br\/index.php\/wp-json\/wp\/v2\/comments?post=37820"}],"version-history":[{"count":1,"href":"https:\/\/www.paranapraia.com.br\/index.php\/wp-json\/wp\/v2\/posts\/37820\/revisions"}],"predecessor-version":[{"id":37822,"href":"https:\/\/www.paranapraia.com.br\/index.php\/wp-json\/wp\/v2\/posts\/37820\/revisions\/37822"}],"wp:featuredmedia":[{"embeddable":true,"href":"https:\/\/www.paranapraia.com.br\/index.php\/wp-json\/wp\/v2\/media\/37821"}],"wp:attachment":[{"href":"https:\/\/www.paranapraia.com.br\/index.php\/wp-json\/wp\/v2\/media?parent=37820"}],"wp:term":[{"taxonomy":"category","embeddable":true,"href":"https:\/\/www.paranapraia.com.br\/index.php\/wp-json\/wp\/v2\/categories?post=37820"},{"taxonomy":"post_tag","embeddable":true,"href":"https:\/\/www.paranapraia.com.br\/index.php\/wp-json\/wp\/v2\/tags?post=37820"}],"curies":[{"name":"wp","href":"https:\/\/api.w.org\/{rel}","templated":true}]}}