{"id":37806,"date":"2022-05-30T09:51:35","date_gmt":"2022-05-30T12:51:35","guid":{"rendered":"https:\/\/www.paranapraia.com.br\/?p=37806"},"modified":"2022-05-30T09:51:37","modified_gmt":"2022-05-30T12:51:37","slug":"novo-tipo-de-iluminacao-para-a-praia-e-testada-em-matinhos","status":"publish","type":"post","link":"https:\/\/www.paranapraia.com.br\/index.php\/2022\/05\/30\/novo-tipo-de-iluminacao-para-a-praia-e-testada-em-matinhos\/","title":{"rendered":"Novo tipo de ilumina\u00e7\u00e3o para a praia \u00e9 testada em Matinhos"},"content":{"rendered":"\n<p>A ilumina\u00e7\u00e3o p\u00fablica segue sendo uma grande preocupa\u00e7\u00e3o da Prefeitura de Matinhos. Nesta sexta-feira (27), teve in\u00edcio o servi\u00e7o de instala\u00e7\u00e3o de postes nos balne\u00e1rios. As lumin\u00e1rias est\u00e3o passando por um teste. A prioridade pelos balne\u00e1rios foi uma determina\u00e7\u00e3o do prefeito Z\u00e9 da Ecler.<\/p>\n\n\n\n<p>A inten\u00e7\u00e3o \u00e9 optar por um produto de qualidade que atenda as expectativas. O trabalho \u00e9 um esfor\u00e7o conjunto dos Departamentos de Urbanismo e de Ilumina\u00e7\u00e3o P\u00fablica, que respondem \u00e0 Secretaria de Obras. <\/p>\n\n\n\n<figure class=\"wp-block-image size-large\"><img loading=\"lazy\" decoding=\"async\" width=\"576\" height=\"1024\" src=\"https:\/\/www.paranapraia.com.br\/wp-content\/uploads\/2022\/05\/284800711_1721335598209007_9162870640721115012_n-576x1024.jpg\" alt=\"\" class=\"wp-image-37808\" srcset=\"https:\/\/www.paranapraia.com.br\/wp-content\/uploads\/2022\/05\/284800711_1721335598209007_9162870640721115012_n-576x1024.jpg 576w, https:\/\/www.paranapraia.com.br\/wp-content\/uploads\/2022\/05\/284800711_1721335598209007_9162870640721115012_n-169x300.jpg 169w, https:\/\/www.paranapraia.com.br\/wp-content\/uploads\/2022\/05\/284800711_1721335598209007_9162870640721115012_n-768x1366.jpg 768w, https:\/\/www.paranapraia.com.br\/wp-content\/uploads\/2022\/05\/284800711_1721335598209007_9162870640721115012_n-864x1536.jpg 864w, https:\/\/www.paranapraia.com.br\/wp-content\/uploads\/2022\/05\/284800711_1721335598209007_9162870640721115012_n-696x1238.jpg 696w, https:\/\/www.paranapraia.com.br\/wp-content\/uploads\/2022\/05\/284800711_1721335598209007_9162870640721115012_n-236x420.jpg 236w, https:\/\/www.paranapraia.com.br\/wp-content\/uploads\/2022\/05\/284800711_1721335598209007_9162870640721115012_n.jpg 899w\" sizes=\"(max-width: 576px) 100vw, 576px\" \/><\/figure>\n\n\n\n<p>De acordo com a pasta, se as lumin\u00e1rias passarem pelo teste, o objetivo \u00e9 fazer a instala\u00e7\u00e3o do Fl\u00f3rida at\u00e9 o Mon\u00e7\u00f5es. Al\u00e9m da ilumina\u00e7\u00e3o, o trecho passar\u00e1 por revitaliza\u00e7\u00e3o, com uma nova cal\u00e7ada e uma nova ciclovia, para aumentar a seguran\u00e7a dos pedestres.<\/p>\n\n\n\n<p>Departamento de Comunica\u00e7\u00e3o<\/p>\n","protected":false},"excerpt":{"rendered":"<p>A ilumina\u00e7\u00e3o p\u00fablica segue sendo uma grande preocupa\u00e7\u00e3o da Prefeitura de Matinhos. Nesta sexta-feira (27), teve in\u00edcio o servi\u00e7o de instala\u00e7\u00e3o de postes nos balne\u00e1rios. As lumin\u00e1rias est\u00e3o passando por um teste. A prioridade pelos balne\u00e1rios foi uma determina\u00e7\u00e3o do prefeito Z\u00e9 da Ecler. A inten\u00e7\u00e3o \u00e9 optar por um produto de qualidade que atenda [&hellip;]<\/p>\n","protected":false},"author":2,"featured_media":37807,"comment_status":"open","ping_status":"open","sticky":false,"template":"","format":"standard","meta":{"advanced_seo_description":"","jetpack_seo_html_title":"","jetpack_seo_noindex":false,"_jetpack_memberships_contains_paid_content":false,"footnotes":""},"categories":[40],"tags":[],"class_list":{"0":"post-37806","1":"post","2":"type-post","3":"status-publish","4":"format-standard","5":"has-post-thumbnail","7":"category-destaques"},"jetpack_featured_media_url":"https:\/\/www.paranapraia.com.br\/wp-content\/uploads\/2022\/05\/284691434_1721335314875702_1704852637064732453_n.jpg","jetpack_sharing_enabled":true,"_links":{"self":[{"href":"https:\/\/www.paranapraia.com.br\/index.php\/wp-json\/wp\/v2\/posts\/37806"}],"collection":[{"href":"https:\/\/www.paranapraia.com.br\/index.php\/wp-json\/wp\/v2\/posts"}],"about":[{"href":"https:\/\/www.paranapraia.com.br\/index.php\/wp-json\/wp\/v2\/types\/post"}],"author":[{"embeddable":true,"href":"https:\/\/www.paranapraia.com.br\/index.php\/wp-json\/wp\/v2\/users\/2"}],"replies":[{"embeddable":true,"href":"https:\/\/www.paranapraia.com.br\/index.php\/wp-json\/wp\/v2\/comments?post=37806"}],"version-history":[{"count":1,"href":"https:\/\/www.paranapraia.com.br\/index.php\/wp-json\/wp\/v2\/posts\/37806\/revisions"}],"predecessor-version":[{"id":37809,"href":"https:\/\/www.paranapraia.com.br\/index.php\/wp-json\/wp\/v2\/posts\/37806\/revisions\/37809"}],"wp:featuredmedia":[{"embeddable":true,"href":"https:\/\/www.paranapraia.com.br\/index.php\/wp-json\/wp\/v2\/media\/37807"}],"wp:attachment":[{"href":"https:\/\/www.paranapraia.com.br\/index.php\/wp-json\/wp\/v2\/media?parent=37806"}],"wp:term":[{"taxonomy":"category","embeddable":true,"href":"https:\/\/www.paranapraia.com.br\/index.php\/wp-json\/wp\/v2\/categories?post=37806"},{"taxonomy":"post_tag","embeddable":true,"href":"https:\/\/www.paranapraia.com.br\/index.php\/wp-json\/wp\/v2\/tags?post=37806"}],"curies":[{"name":"wp","href":"https:\/\/api.w.org\/{rel}","templated":true}]}}