{"id":37803,"date":"2022-05-29T09:45:00","date_gmt":"2022-05-29T12:45:00","guid":{"rendered":"https:\/\/www.paranapraia.com.br\/?p=37803"},"modified":"2022-05-30T09:47:15","modified_gmt":"2022-05-30T12:47:15","slug":"cabara-beach-vence-canela-seca-e-e-o-campeao-da-copa-quarentinha","status":"publish","type":"post","link":"https:\/\/www.paranapraia.com.br\/index.php\/2022\/05\/29\/cabara-beach-vence-canela-seca-e-e-o-campeao-da-copa-quarentinha\/","title":{"rendered":"Cabara Beach vence Canela Seca e \u00e9 o campe\u00e3o da Copa Quarentinha"},"content":{"rendered":"\n<p>O Cabara Beach foi o grande campe\u00e3o da Copa Quarentinha, que teve a sua final disputada neste domingo (29), no Campo do Chico. A bola rolou durante toda a manh\u00e3 com a decis\u00e3o do terceiro lugar e logo depois com a final\u00edssima.<\/p>\n\n\n\n<p> O Segunda Feira ficou com a terceira coloca\u00e7\u00e3o ao vencer o Vila Nova por 3 a 0. Na sequ\u00eancia, foi disputada a grande final. E o Cabara Beach, tamb\u00e9m por 3 a 0, bateu a equipe do Canela Seca. A decis\u00e3o foi acompanhada pelo prefeito Z\u00e9 da Ecler, que participou da entrega da ta\u00e7a. <\/p>\n\n\n\n<p>Departamento de Comunica\u00e7\u00e3o<\/p>\n","protected":false},"excerpt":{"rendered":"<p>O Cabara Beach foi o grande campe\u00e3o da Copa Quarentinha, que teve a sua final disputada neste domingo (29), no Campo do Chico. A bola rolou durante toda a manh\u00e3 com a decis\u00e3o do terceiro lugar e logo depois com a final\u00edssima. O Segunda Feira ficou com a terceira coloca\u00e7\u00e3o ao vencer o Vila Nova [&hellip;]<\/p>\n","protected":false},"author":2,"featured_media":37804,"comment_status":"open","ping_status":"open","sticky":false,"template":"","format":"standard","meta":{"advanced_seo_description":"","jetpack_seo_html_title":"","jetpack_seo_noindex":false,"_jetpack_memberships_contains_paid_content":false,"footnotes":""},"categories":[88],"tags":[],"class_list":{"0":"post-37803","1":"post","2":"type-post","3":"status-publish","4":"format-standard","5":"has-post-thumbnail","7":"category-matinhos"},"jetpack_featured_media_url":"https:\/\/www.paranapraia.com.br\/wp-content\/uploads\/2022\/05\/285408482_1722722538070313_8487983278242597050_n.jpg","jetpack_sharing_enabled":true,"_links":{"self":[{"href":"https:\/\/www.paranapraia.com.br\/index.php\/wp-json\/wp\/v2\/posts\/37803"}],"collection":[{"href":"https:\/\/www.paranapraia.com.br\/index.php\/wp-json\/wp\/v2\/posts"}],"about":[{"href":"https:\/\/www.paranapraia.com.br\/index.php\/wp-json\/wp\/v2\/types\/post"}],"author":[{"embeddable":true,"href":"https:\/\/www.paranapraia.com.br\/index.php\/wp-json\/wp\/v2\/users\/2"}],"replies":[{"embeddable":true,"href":"https:\/\/www.paranapraia.com.br\/index.php\/wp-json\/wp\/v2\/comments?post=37803"}],"version-history":[{"count":1,"href":"https:\/\/www.paranapraia.com.br\/index.php\/wp-json\/wp\/v2\/posts\/37803\/revisions"}],"predecessor-version":[{"id":37805,"href":"https:\/\/www.paranapraia.com.br\/index.php\/wp-json\/wp\/v2\/posts\/37803\/revisions\/37805"}],"wp:featuredmedia":[{"embeddable":true,"href":"https:\/\/www.paranapraia.com.br\/index.php\/wp-json\/wp\/v2\/media\/37804"}],"wp:attachment":[{"href":"https:\/\/www.paranapraia.com.br\/index.php\/wp-json\/wp\/v2\/media?parent=37803"}],"wp:term":[{"taxonomy":"category","embeddable":true,"href":"https:\/\/www.paranapraia.com.br\/index.php\/wp-json\/wp\/v2\/categories?post=37803"},{"taxonomy":"post_tag","embeddable":true,"href":"https:\/\/www.paranapraia.com.br\/index.php\/wp-json\/wp\/v2\/tags?post=37803"}],"curies":[{"name":"wp","href":"https:\/\/api.w.org\/{rel}","templated":true}]}}