{"id":37799,"date":"2022-05-28T09:42:00","date_gmt":"2022-05-28T12:42:00","guid":{"rendered":"https:\/\/www.paranapraia.com.br\/?p=37799"},"modified":"2022-05-30T09:44:50","modified_gmt":"2022-05-30T12:44:50","slug":"secretaria-de-saude-de-pontal-do-parana-se-realiza-reuniao-com-a-rede-de-ensino","status":"publish","type":"post","link":"https:\/\/www.paranapraia.com.br\/index.php\/2022\/05\/28\/secretaria-de-saude-de-pontal-do-parana-se-realiza-reuniao-com-a-rede-de-ensino\/","title":{"rendered":"Secretaria de Sa\u00fade de Pontal do Paran\u00e1 realiza reuni\u00e3o com a rede de ensino"},"content":{"rendered":"\n<p>A Secretaria Municipal de Sa\u00fade de Pontal do Paran\u00e1 realizou na manh\u00e3 desta quinta-feira (26\/05\/22) uma reuni\u00e3o com os diretores da rede municipal de ensino. Na ocasi\u00e3o a Secret\u00e1ria Municipal de Sa\u00fade, Carmen Moura, passou orienta\u00e7\u00f5es sobre as s\u00edndromes gripais e medidas para conter a propaga\u00e7\u00e3o do v\u00edrus causador da Covid-19.<\/p>\n\n\n\n<p>Tamb\u00e9m foi tratado sobre a s\u00edndrome da m\u00e3o-p\u00e9-boca, pois est\u00e3o sendo identificados casos nas escolas.<\/p>\n\n\n\n<p>\u201cA principal medida a ser tomada nas escolas \u00e9 a higieniza\u00e7\u00e3o das m\u00e3os e de utens\u00edlios de uso comum entre as crian\u00e7as, bem como o distanciamento social\u201d, explicou a secret\u00e1ria.<\/p>\n\n\n\n<p>Assessoria<\/p>\n","protected":false},"excerpt":{"rendered":"<p>A Secretaria Municipal de Sa\u00fade de Pontal do Paran\u00e1 realizou na manh\u00e3 desta quinta-feira (26\/05\/22) uma reuni\u00e3o com os diretores da rede municipal de ensino. Na ocasi\u00e3o a Secret\u00e1ria Municipal de Sa\u00fade, Carmen Moura, passou orienta\u00e7\u00f5es sobre as s\u00edndromes gripais e medidas para conter a propaga\u00e7\u00e3o do v\u00edrus causador da Covid-19. Tamb\u00e9m foi tratado sobre [&hellip;]<\/p>\n","protected":false},"author":2,"featured_media":37800,"comment_status":"open","ping_status":"open","sticky":false,"template":"","format":"standard","meta":{"advanced_seo_description":"","jetpack_seo_html_title":"","jetpack_seo_noindex":false,"_jetpack_memberships_contains_paid_content":false,"footnotes":""},"categories":[65],"tags":[],"class_list":{"0":"post-37799","1":"post","2":"type-post","3":"status-publish","4":"format-standard","5":"has-post-thumbnail","7":"category-pontal-do-parana"},"jetpack_featured_media_url":"https:\/\/www.paranapraia.com.br\/wp-content\/uploads\/2022\/05\/tb_260522172055_20220526112718_jpg.jpg","jetpack_sharing_enabled":true,"_links":{"self":[{"href":"https:\/\/www.paranapraia.com.br\/index.php\/wp-json\/wp\/v2\/posts\/37799"}],"collection":[{"href":"https:\/\/www.paranapraia.com.br\/index.php\/wp-json\/wp\/v2\/posts"}],"about":[{"href":"https:\/\/www.paranapraia.com.br\/index.php\/wp-json\/wp\/v2\/types\/post"}],"author":[{"embeddable":true,"href":"https:\/\/www.paranapraia.com.br\/index.php\/wp-json\/wp\/v2\/users\/2"}],"replies":[{"embeddable":true,"href":"https:\/\/www.paranapraia.com.br\/index.php\/wp-json\/wp\/v2\/comments?post=37799"}],"version-history":[{"count":2,"href":"https:\/\/www.paranapraia.com.br\/index.php\/wp-json\/wp\/v2\/posts\/37799\/revisions"}],"predecessor-version":[{"id":37802,"href":"https:\/\/www.paranapraia.com.br\/index.php\/wp-json\/wp\/v2\/posts\/37799\/revisions\/37802"}],"wp:featuredmedia":[{"embeddable":true,"href":"https:\/\/www.paranapraia.com.br\/index.php\/wp-json\/wp\/v2\/media\/37800"}],"wp:attachment":[{"href":"https:\/\/www.paranapraia.com.br\/index.php\/wp-json\/wp\/v2\/media?parent=37799"}],"wp:term":[{"taxonomy":"category","embeddable":true,"href":"https:\/\/www.paranapraia.com.br\/index.php\/wp-json\/wp\/v2\/categories?post=37799"},{"taxonomy":"post_tag","embeddable":true,"href":"https:\/\/www.paranapraia.com.br\/index.php\/wp-json\/wp\/v2\/tags?post=37799"}],"curies":[{"name":"wp","href":"https:\/\/api.w.org\/{rel}","templated":true}]}}