{"id":37795,"date":"2022-05-27T09:32:00","date_gmt":"2022-05-27T12:32:00","guid":{"rendered":"https:\/\/www.paranapraia.com.br\/?p=37795"},"modified":"2022-05-30T09:41:13","modified_gmt":"2022-05-30T12:41:13","slug":"guardas-municipais-de-pontal-do-parana-recebem-capacitacao-para-uso-da-espingarda-calibre-12","status":"publish","type":"post","link":"https:\/\/www.paranapraia.com.br\/index.php\/2022\/05\/27\/guardas-municipais-de-pontal-do-parana-recebem-capacitacao-para-uso-da-espingarda-calibre-12\/","title":{"rendered":"Guardas Municipais de Pontal do Paran\u00e1 recebem capacita\u00e7\u00e3o para uso da espingarda calibre 12"},"content":{"rendered":"\n<p>Nessa semana (de 23 \u00e0 26\/05\/22), onze integrantes da Guarda Municipal de Pontal do Paran\u00e1, participam do Curso de Operador de Calibre 12. O curso est\u00e1 sendo realizado na Academia de Capacita\u00e7\u00e3o, Ensino e Forma\u00e7\u00e3o da Guarda Civil Municipal de Paranagu\u00e1.<\/p>\n\n\n\n<p>De acordo com os instrutores, o curso inclui aulas de legisla\u00e7\u00e3o, t\u00e9cnicas de desembarque de viatura com a escopeta calibre 12, t\u00e9cnica de transi\u00e7\u00e3o de armas, tiro com diversas muni\u00e7\u00f5es, seja letal ou de baixa letalidade. O curso ter\u00e1 dura\u00e7\u00e3o de quatro dias.<\/p>\n\n\n\n<figure class=\"wp-block-image size-large\"><img loading=\"lazy\" decoding=\"async\" width=\"1024\" height=\"627\" src=\"https:\/\/www.paranapraia.com.br\/wp-content\/uploads\/2022\/05\/260522185022_img20220526wa0070_jpg-1024x627.jpg\" alt=\"\" class=\"wp-image-37797\" srcset=\"https:\/\/www.paranapraia.com.br\/wp-content\/uploads\/2022\/05\/260522185022_img20220526wa0070_jpg-1024x627.jpg 1024w, https:\/\/www.paranapraia.com.br\/wp-content\/uploads\/2022\/05\/260522185022_img20220526wa0070_jpg-300x184.jpg 300w, https:\/\/www.paranapraia.com.br\/wp-content\/uploads\/2022\/05\/260522185022_img20220526wa0070_jpg-768x470.jpg 768w, https:\/\/www.paranapraia.com.br\/wp-content\/uploads\/2022\/05\/260522185022_img20220526wa0070_jpg-1536x940.jpg 1536w, https:\/\/www.paranapraia.com.br\/wp-content\/uploads\/2022\/05\/260522185022_img20220526wa0070_jpg-696x426.jpg 696w, https:\/\/www.paranapraia.com.br\/wp-content\/uploads\/2022\/05\/260522185022_img20220526wa0070_jpg-1068x653.jpg 1068w, https:\/\/www.paranapraia.com.br\/wp-content\/uploads\/2022\/05\/260522185022_img20220526wa0070_jpg-686x420.jpg 686w, https:\/\/www.paranapraia.com.br\/wp-content\/uploads\/2022\/05\/260522185022_img20220526wa0070_jpg.jpg 1600w\" sizes=\"(max-width: 1024px) 100vw, 1024px\" \/><\/figure>\n\n\n\n<p>De acordo com o comandante Giovane do Ros\u00e1rio, todos os GCMs ir\u00e3o realizar este curso, sendo divididos em duas turmas, 11 guardas na primeira e 10 na segunda. \u201c\u00c9 uma capacita\u00e7\u00e3o importante, pois este armamento \u00e9 de grosso calibre e, que geralmente, \u00e9 utilizado com muni\u00e7\u00f5es n\u00e3o letais (balas de borracha) para controle de dist\u00farbios civis, bem como para o combate aos crimes mais complexos com muni\u00e7\u00f5es letais. Temos muitos desafios, mas buscamos super\u00e1-los quando fazemos investimentos nos nossos servidores da seguran\u00e7a p\u00fablica, valorizando-os e capacitando-os em nossos equipamentos para que possam realizar com seguran\u00e7a e efic\u00e1cia o seu trabalho\u201d.<\/p>\n\n\n\n<p>A Secret\u00e1ria Municipal de Seguran\u00e7a P\u00fablica, Any Messina, ressaltou a import\u00e2ncia desse tipo de treinamento para os Guardas Civis Municipais: \u201cA habilita\u00e7\u00e3o tem o objetivo de permitir ao GCM a capacita\u00e7\u00e3o correta no uso de espingardas calibre 12, habilitando-o para os procedimentos de seguran\u00e7a, carregamento, descarregamento, disparo e conserva\u00e7\u00e3o\/limpeza do armamento.<\/p>\n\n\n\n<p>Sabemos da necessidade de seguran\u00e7a em nosso munic\u00edpio e junto com parcerias, como a Guarda municipal de Paranagu\u00e1, n\u00e3o medimos esfor\u00e7os para dar condi\u00e7\u00f5es do profissional atuar melhor armado e com maior efici\u00eancia diante das responsabilidades de sua compet\u00eancia. A corpora\u00e7\u00e3o estando capacitada e com conhecimento da aparelhagem, mant\u00e9m a qualidade no trabalho e, consequentemente, no servi\u00e7o oferecido ao cidad\u00e3o\u201d.<\/p>\n\n\n\n<p>Assessoria<\/p>\n","protected":false},"excerpt":{"rendered":"<p>Nessa semana (de 23 \u00e0 26\/05\/22), onze integrantes da Guarda Municipal de Pontal do Paran\u00e1, participam do Curso de Operador de Calibre 12. O curso est\u00e1 sendo realizado na Academia de Capacita\u00e7\u00e3o, Ensino e Forma\u00e7\u00e3o da Guarda Civil Municipal de Paranagu\u00e1. De acordo com os instrutores, o curso inclui aulas de legisla\u00e7\u00e3o, t\u00e9cnicas de desembarque [&hellip;]<\/p>\n","protected":false},"author":2,"featured_media":37796,"comment_status":"open","ping_status":"open","sticky":false,"template":"","format":"standard","meta":{"advanced_seo_description":"","jetpack_seo_html_title":"","jetpack_seo_noindex":false,"_jetpack_memberships_contains_paid_content":false,"footnotes":""},"categories":[40],"tags":[],"class_list":{"0":"post-37795","1":"post","2":"type-post","3":"status-publish","4":"format-standard","5":"has-post-thumbnail","7":"category-destaques"},"jetpack_featured_media_url":"https:\/\/www.paranapraia.com.br\/wp-content\/uploads\/2022\/05\/260522184910_img20220526wa0106_jpg.jpg","jetpack_sharing_enabled":true,"_links":{"self":[{"href":"https:\/\/www.paranapraia.com.br\/index.php\/wp-json\/wp\/v2\/posts\/37795"}],"collection":[{"href":"https:\/\/www.paranapraia.com.br\/index.php\/wp-json\/wp\/v2\/posts"}],"about":[{"href":"https:\/\/www.paranapraia.com.br\/index.php\/wp-json\/wp\/v2\/types\/post"}],"author":[{"embeddable":true,"href":"https:\/\/www.paranapraia.com.br\/index.php\/wp-json\/wp\/v2\/users\/2"}],"replies":[{"embeddable":true,"href":"https:\/\/www.paranapraia.com.br\/index.php\/wp-json\/wp\/v2\/comments?post=37795"}],"version-history":[{"count":1,"href":"https:\/\/www.paranapraia.com.br\/index.php\/wp-json\/wp\/v2\/posts\/37795\/revisions"}],"predecessor-version":[{"id":37798,"href":"https:\/\/www.paranapraia.com.br\/index.php\/wp-json\/wp\/v2\/posts\/37795\/revisions\/37798"}],"wp:featuredmedia":[{"embeddable":true,"href":"https:\/\/www.paranapraia.com.br\/index.php\/wp-json\/wp\/v2\/media\/37796"}],"wp:attachment":[{"href":"https:\/\/www.paranapraia.com.br\/index.php\/wp-json\/wp\/v2\/media?parent=37795"}],"wp:term":[{"taxonomy":"category","embeddable":true,"href":"https:\/\/www.paranapraia.com.br\/index.php\/wp-json\/wp\/v2\/categories?post=37795"},{"taxonomy":"post_tag","embeddable":true,"href":"https:\/\/www.paranapraia.com.br\/index.php\/wp-json\/wp\/v2\/tags?post=37795"}],"curies":[{"name":"wp","href":"https:\/\/api.w.org\/{rel}","templated":true}]}}