{"id":37791,"date":"2022-05-26T11:39:20","date_gmt":"2022-05-26T14:39:20","guid":{"rendered":"https:\/\/www.paranapraia.com.br\/?p=37791"},"modified":"2022-05-26T11:39:22","modified_gmt":"2022-05-26T14:39:22","slug":"comite-de-crise-da-covid-19-apresenta-novos-numeros-em-pontal-do-parana","status":"publish","type":"post","link":"https:\/\/www.paranapraia.com.br\/index.php\/2022\/05\/26\/comite-de-crise-da-covid-19-apresenta-novos-numeros-em-pontal-do-parana\/","title":{"rendered":"Comit\u00ea de Crise da Covid-19 apresenta novos n\u00fameros em Pontal do Paran\u00e1"},"content":{"rendered":"\n<p>Na tarde de ter\u00e7a-feira (24), na Prefeitura de Pontal do Paran\u00e1, reuniu-se o Comit\u00ea de Crise, criado atrav\u00e9s da Lei Ordin\u00e1ria 2037\/2020, que tem por objetivo discutir a\u00e7\u00f5es de enfrentamento ao Covid.No in\u00edcio desta gest\u00e3o a lei foi reformulada e ele passou a ter 11 integrantes, dando muito mais visibilidade para sociedade civil organizada poder debater as a\u00e7\u00f5es de Sa\u00fade e ajudar a divulg\u00e1-las.<\/p>\n\n\n\n<p>Na ocasi\u00e3o, o Comit\u00ea de Crise apresentou novos n\u00fameros do munic\u00edpio em rela\u00e7\u00e3o ao Covid-19. S\u00e3o eles:<\/p>\n\n\n\n<p>Exames:- 01\/05\/22 \u00e0 07\/05\/22 \u2013 Positivos: 59 \u2013 Negativos: 267- 08\/05\/22 \u00e0 14\/05\/22 &#8211; Positivos: 99 \u2013 Negativos: 561- 08\/05\/22 \u00e0 14\/05\/22 &#8211; Positivos: 121 \u2013 Negativos: 373Boletim Covid-19 (em 23\/05\/22)- Notificados: 38.501.- Descartados: 28.444.- Positivados: 10.057.- Recuperados: 9.790.- Casos Ativos: 131- Casos Novos: 20- \u00d3bitos: 136- Em investiga\u00e7\u00e3o: 0<\/p>\n\n\n\n<p>O comit\u00ea tamb\u00e9m discutiu sobre os n\u00fameros da Dengue, Zika e Chikungunya em Pontal do Paran\u00e1:- Notificados: 410, sendo 81 de Dengue confirmados.Veja n\u00fameros da Dengue por balne\u00e1rio:Guarapari: 01Graja\u00fa: 03Ipanema: 62Itatiaia: 01Jd. Canad\u00e1: 02Leblon: 03Praia de Leste: 03Patrick: 01Primavera: 02Santa Terezinha: 01Shangri-l\u00e1: 07Pontal do Sul: 02Total: 88<\/p>\n\n\n\n<p>O presidente da Aciapar (Associa\u00e7\u00e3o Comercial e Industrial de Pontal do Paran\u00e1), Ercio Luiz Weschenfelder, integrante do Comit\u00ea, comentou sobre a reuni\u00e3o do Comit\u00ea: \u201cConsidero como positiva a iniciativa da retomada das reuni\u00f5es do Comit\u00ea de Crise. A preocupa\u00e7\u00e3o nunca \u00e9 demais, diante da experi\u00eancia adquirida durante mais de dois anos participando do Comit\u00ea, sugerimos intensificar as campanhas de conscientiza\u00e7\u00e3o. O v\u00edrus continua circulando entre n\u00f3s, com sinais de aumento de transmiss\u00e3o.<\/p>\n\n\n\n<p>N\u00e3o \u00e9 momento para desespero, ou qualquer medida restritiva, apenas cautela\u201d.A presidente da Associa\u00e7\u00e3o do Balne\u00e1rio Graja\u00fa, agradeceu a Prefeitura pela iniciativa de convidar a Associa\u00e7\u00e3o para participar do Comit\u00ea de Crise do munic\u00edpio: <\/p>\n\n\n\n<p>\u201cAchamos uma atitude louv\u00e1vel, pois est\u00e1 oportunizando os moradores de serem ouvidos e informados, sobre as situa\u00e7\u00f5es de Crise.Nesta \u00faltima reuni\u00e3o do dia 24\/05\/22, fomos esclarecidos da situa\u00e7\u00e3o atual sobre Covid-19 e Dengue. Recebemos n\u00fameros e informa\u00e7\u00f5es atualizadas, as quais s\u00e3o muito importantes e est\u00e3o sendo repassadas aos nossos moradores. Atitudes como estas s\u00e3o valorosas, pois pensamos que quando a comunidade est\u00e1 envolvida, existe uma maior coopera\u00e7\u00e3o nos enfrentamentos de crise\u201d.<\/p>\n\n\n\n<p>Assessoria<\/p>\n","protected":false},"excerpt":{"rendered":"<p>Na tarde de ter\u00e7a-feira (24), na Prefeitura de Pontal do Paran\u00e1, reuniu-se o Comit\u00ea de Crise, criado atrav\u00e9s da Lei Ordin\u00e1ria 2037\/2020, que tem por objetivo discutir a\u00e7\u00f5es de enfrentamento ao Covid.No in\u00edcio desta gest\u00e3o a lei foi reformulada e ele passou a ter 11 integrantes, dando muito mais visibilidade para sociedade civil organizada poder [&hellip;]<\/p>\n","protected":false},"author":2,"featured_media":37792,"comment_status":"open","ping_status":"open","sticky":false,"template":"","format":"standard","meta":{"advanced_seo_description":"","jetpack_seo_html_title":"","jetpack_seo_noindex":false,"_jetpack_memberships_contains_paid_content":false,"footnotes":""},"categories":[40],"tags":[],"class_list":{"0":"post-37791","1":"post","2":"type-post","3":"status-publish","4":"format-standard","5":"has-post-thumbnail","7":"category-destaques"},"jetpack_featured_media_url":"https:\/\/www.paranapraia.com.br\/wp-content\/uploads\/2022\/05\/283143544_1875896402607838_7630962776703798247_n.jpg","jetpack_sharing_enabled":true,"_links":{"self":[{"href":"https:\/\/www.paranapraia.com.br\/index.php\/wp-json\/wp\/v2\/posts\/37791"}],"collection":[{"href":"https:\/\/www.paranapraia.com.br\/index.php\/wp-json\/wp\/v2\/posts"}],"about":[{"href":"https:\/\/www.paranapraia.com.br\/index.php\/wp-json\/wp\/v2\/types\/post"}],"author":[{"embeddable":true,"href":"https:\/\/www.paranapraia.com.br\/index.php\/wp-json\/wp\/v2\/users\/2"}],"replies":[{"embeddable":true,"href":"https:\/\/www.paranapraia.com.br\/index.php\/wp-json\/wp\/v2\/comments?post=37791"}],"version-history":[{"count":1,"href":"https:\/\/www.paranapraia.com.br\/index.php\/wp-json\/wp\/v2\/posts\/37791\/revisions"}],"predecessor-version":[{"id":37793,"href":"https:\/\/www.paranapraia.com.br\/index.php\/wp-json\/wp\/v2\/posts\/37791\/revisions\/37793"}],"wp:featuredmedia":[{"embeddable":true,"href":"https:\/\/www.paranapraia.com.br\/index.php\/wp-json\/wp\/v2\/media\/37792"}],"wp:attachment":[{"href":"https:\/\/www.paranapraia.com.br\/index.php\/wp-json\/wp\/v2\/media?parent=37791"}],"wp:term":[{"taxonomy":"category","embeddable":true,"href":"https:\/\/www.paranapraia.com.br\/index.php\/wp-json\/wp\/v2\/categories?post=37791"},{"taxonomy":"post_tag","embeddable":true,"href":"https:\/\/www.paranapraia.com.br\/index.php\/wp-json\/wp\/v2\/tags?post=37791"}],"curies":[{"name":"wp","href":"https:\/\/api.w.org\/{rel}","templated":true}]}}