{"id":37785,"date":"2022-05-25T14:34:48","date_gmt":"2022-05-25T17:34:48","guid":{"rendered":"https:\/\/www.paranapraia.com.br\/?p=37785"},"modified":"2022-05-25T14:34:49","modified_gmt":"2022-05-25T17:34:49","slug":"nova-etapa-dos-jogos-escolares-comeca-nesta-quinta-feira-em-16-cidades","status":"publish","type":"post","link":"https:\/\/www.paranapraia.com.br\/index.php\/2022\/05\/25\/nova-etapa-dos-jogos-escolares-comeca-nesta-quinta-feira-em-16-cidades\/","title":{"rendered":"Nova etapa dos Jogos Escolares come\u00e7a nesta quinta-feira em 16 cidades"},"content":{"rendered":"\n<p>Come\u00e7a nesta quinta-feira (26) mais uma etapa da fase regional dos 68\u00ba Jogos Escolares do Paran\u00e1 (JEPs). As competi\u00e7\u00f5es seguem at\u00e9 31 de maio, contam com a participa\u00e7\u00e3o de 183 munic\u00edpios e tem 17.751 inscritos entre atletas e dirigentes. Nesta etapa, que \u00e9 segunda da fase regional, s\u00e3o 16 cidades-sede \u2013 Goioer\u00ea, Jardim Alegre, Kalor\u00e9\/Marumbi, Loanda, Marquinho, Nova Prata do Igua\u00e7u, Palmital, P\u00e9rola, Pontal do Paran\u00e1, Quatro Barras, Ribeir\u00e3o do Pinhal, Roncador, Santa Mariana, Tapejara, Teixeira Soares e Wenceslau Braz.<\/p>\n\n\n\n<p>A competi\u00e7\u00e3o \u00e9 disputada por alunos de 12 a 14 anos (categoria B) e 15 a 17 anos (categoria A), do ensino fundamental e ensino m\u00e9dio das redes estadual e particular. Os JEPs s\u00e3o realizados pelo Governo do Estado, por meio da Secretaria da Educa\u00e7\u00e3o e do Esporte, com o apoio dos N\u00facleos Regionais de Educa\u00e7\u00e3o e dos munic\u00edpios. A&nbsp;<strong><a href=\"https:\/\/www.aen.pr.gov.br\/Noticia\/Jogos-Escolares-do-Parana-comecam-nesta-sexta-com-20-mil-alunos-e-professores-inscritos\" target=\"_blank\" rel=\"noreferrer noopener\">primeira etapa da regional<\/a>&nbsp;<\/strong>ocorreu de 6 a 11 de maio, em 15 cidades-sede.&nbsp;<\/p>\n\n\n\n<ul class=\"wp-block-list\"><li><strong><a href=\"https:\/\/www.aen.pr.gov.br\/Noticia\/Governo-divulga-projetos-habilitados-no-Proesporte-investimento-e-de-R-9-milhoes\" target=\"_blank\" rel=\"noreferrer noopener\">Governo divulga projetos habilitados no Proesporte; investimento \u00e9 de R$ 9 milh\u00f5es<\/a><\/strong><\/li><\/ul>\n\n\n\n<p>Neste ano, n\u00famero de inscritos representa queda de 10% em rela\u00e7\u00e3o ao JEPS de 2019, \u00faltima edi\u00e7\u00e3o antes da pandemia. \u201cApesar da queda, \u00e9 muito gratificante a volta dos jovens ao esporte\u201d, diz a coordenadora dos Jogos, Marcia Tomadon, da Superintend\u00eancia Geral do Esporte. Somando as duas fases regionais e mais a de Curitiba, o n\u00famero de inscritos chega a 41 mil neste ano, contra 50 mil em 2019.<\/p>\n\n\n\n<ul class=\"wp-block-list\"><li><strong><a href=\"https:\/\/www.aen.pr.gov.br\/Noticia\/Governo-oferta-pos-graduacao-em-gestao-publica-do-esporte-pela-UEPG\" target=\"_blank\" rel=\"noreferrer noopener\">Governo oferta p\u00f3s-gradua\u00e7\u00e3o em gest\u00e3o p\u00fablica do esporte pela UEPG<\/a><\/strong><\/li><\/ul>\n\n\n\n<p>\u201cA redu\u00e7\u00e3o nas inscri\u00e7\u00f5es era previs\u00edvel, diante dos dois anos de afastamento. Mesmo assim, o n\u00famero de participantes \u00e9 bom e vamos fechar essa segunda regional com muito sucesso. Depois vem a macrorregional e, em seguida, as finais. Na sequ\u00eancia come\u00e7amos a nos preparar para as competi\u00e7\u00f5es nacionais\u201d, explica Marcia.<\/p>\n\n\n\n<ul class=\"wp-block-list\"><li><strong><a href=\"https:\/\/www.aen.pr.gov.br\/Noticia\/Ginasio-do-Taruma-reabrira-portas-com-centro-de-treinamento-olimpico-e-espaco-poliesportivo\" target=\"_blank\" rel=\"noreferrer noopener\">Gin\u00e1sio do Tarum\u00e3 reabrir\u00e1 as portas com centro de treinamento ol\u00edmpico e espa\u00e7o poliesportivo<\/a><\/strong><\/li><\/ul>\n\n\n\n<p><strong>COMPETI\u00c7\u00d5ES&nbsp;<\/strong>\u2013 Ao todo, ser\u00e3o disputadas sete modalidades regulares: atletismo, basquete, futsal, voleibol, handebol, t\u00eanis de mesa, v\u00f4lei de praia e xadrez, al\u00e9m de duas modalidades destinadas a alunos com defici\u00eancia (ACD) \u2013&nbsp;atletismo e futsal. Os campe\u00f5es das fases regionais se classificam para a etapa macrorregional, que ser\u00e1 entre os dias 15 e 19 de junho nas cidades de Pontal do Paran\u00e1, Pinh\u00e3o, Dois Vizinhos, Medianeira, Pitanga, Terra Boa, Ibipor\u00e3 e Siqueira Campos.<\/p>\n\n\n\n<p>As fases finais acontecem nos meses de julho e agosto, em duas cidades: a categoria A (15 a 17 anos) ser\u00e1 disputada em Campo Mour\u00e3o, entre 15 a 23 de julho, e a categoria B (12 a 14 anos) em Pato Branco entre 5 a 13 de agosto.<\/p>\n\n\n\n<p><strong><a rel=\"noreferrer noopener\" href=\"http:\/\/www.jogosescolares.pr.gov.br\/modules\/fase_final\/fase.php?fase=60&amp;TipoDoc=2\" target=\"_blank\">Confira a programa\u00e7\u00e3o completa<\/a>.<\/strong><\/p>\n\n\n\n<p>AEN<\/p>\n","protected":false},"excerpt":{"rendered":"<p>Come\u00e7a nesta quinta-feira (26) mais uma etapa da fase regional dos 68\u00ba Jogos Escolares do Paran\u00e1 (JEPs). As competi\u00e7\u00f5es seguem at\u00e9 31 de maio, contam com a participa\u00e7\u00e3o de 183 munic\u00edpios e tem 17.751 inscritos entre atletas e dirigentes. Nesta etapa, que \u00e9 segunda da fase regional, s\u00e3o 16 cidades-sede \u2013 Goioer\u00ea, Jardim Alegre, Kalor\u00e9\/Marumbi, [&hellip;]<\/p>\n","protected":false},"author":2,"featured_media":37786,"comment_status":"open","ping_status":"open","sticky":false,"template":"","format":"standard","meta":{"advanced_seo_description":"","jetpack_seo_html_title":"","jetpack_seo_noindex":false,"_jetpack_memberships_contains_paid_content":false,"footnotes":""},"categories":[40],"tags":[],"class_list":{"0":"post-37785","1":"post","2":"type-post","3":"status-publish","4":"format-standard","5":"has-post-thumbnail","7":"category-destaques"},"jetpack_featured_media_url":"https:\/\/www.paranapraia.com.br\/wp-content\/uploads\/2022\/05\/jeps-2-2_1-1-scaled.jpg","jetpack_sharing_enabled":true,"_links":{"self":[{"href":"https:\/\/www.paranapraia.com.br\/index.php\/wp-json\/wp\/v2\/posts\/37785"}],"collection":[{"href":"https:\/\/www.paranapraia.com.br\/index.php\/wp-json\/wp\/v2\/posts"}],"about":[{"href":"https:\/\/www.paranapraia.com.br\/index.php\/wp-json\/wp\/v2\/types\/post"}],"author":[{"embeddable":true,"href":"https:\/\/www.paranapraia.com.br\/index.php\/wp-json\/wp\/v2\/users\/2"}],"replies":[{"embeddable":true,"href":"https:\/\/www.paranapraia.com.br\/index.php\/wp-json\/wp\/v2\/comments?post=37785"}],"version-history":[{"count":1,"href":"https:\/\/www.paranapraia.com.br\/index.php\/wp-json\/wp\/v2\/posts\/37785\/revisions"}],"predecessor-version":[{"id":37787,"href":"https:\/\/www.paranapraia.com.br\/index.php\/wp-json\/wp\/v2\/posts\/37785\/revisions\/37787"}],"wp:featuredmedia":[{"embeddable":true,"href":"https:\/\/www.paranapraia.com.br\/index.php\/wp-json\/wp\/v2\/media\/37786"}],"wp:attachment":[{"href":"https:\/\/www.paranapraia.com.br\/index.php\/wp-json\/wp\/v2\/media?parent=37785"}],"wp:term":[{"taxonomy":"category","embeddable":true,"href":"https:\/\/www.paranapraia.com.br\/index.php\/wp-json\/wp\/v2\/categories?post=37785"},{"taxonomy":"post_tag","embeddable":true,"href":"https:\/\/www.paranapraia.com.br\/index.php\/wp-json\/wp\/v2\/tags?post=37785"}],"curies":[{"name":"wp","href":"https:\/\/api.w.org\/{rel}","templated":true}]}}