{"id":37780,"date":"2022-05-25T14:29:52","date_gmt":"2022-05-25T17:29:52","guid":{"rendered":"https:\/\/www.paranapraia.com.br\/?p=37780"},"modified":"2022-05-25T14:29:53","modified_gmt":"2022-05-25T17:29:53","slug":"prefeitura-promove-4o-audiencia-publica-do-plano-de-mobilidade-de-pontal-do-parana","status":"publish","type":"post","link":"https:\/\/www.paranapraia.com.br\/index.php\/2022\/05\/25\/prefeitura-promove-4o-audiencia-publica-do-plano-de-mobilidade-de-pontal-do-parana\/","title":{"rendered":"Prefeitura promove 4\u00ba Audi\u00eancia P\u00fablica do Plano de Mobilidade de Pontal do Paran\u00e1"},"content":{"rendered":"\n<p>Foi realizada a 4\u00ba Audi\u00eancia P\u00fablica do Plano de Mobilidade de Pontal do Paran\u00e1. Ela \u00e9 a \u00faltima ao longo da elabora\u00e7\u00e3o do estudo que foi iniciado em maio de 2021 e tem t\u00e9rmino previsto para julho de 2022. Trata-se de uma audi\u00eancia semipresencial que contou com a participa\u00e7\u00e3o da popula\u00e7\u00e3o presente no Centro de Capacita\u00e7\u00e3o e online atrav\u00e9s da transmiss\u00e3o via Facebook e Youtube.<\/p>\n\n\n\n<p>Os questionamentos ao longo das transmiss\u00f5es foram respondidos ao t\u00e9rmino da explana\u00e7\u00e3o dos apresentadores.Estiveram presentes por parte da prefeitura de Pontal do Paran\u00e1:- O prefeito de Pontal do Paran\u00e1, Rud\u00e3o Gimenes.- O Secret\u00e1rio de Projetos e Planejamento Urbano, Heitor Gon\u00e7alves Kayamori.A equipe t\u00e9cnica da FUPEF (Funda\u00e7\u00e3o de Pesquisas Florestais) e do ITTI (Instituto Tecnol\u00f3gico de Transportes e Infraestrutura), representados pelo Prof. Dr. Eduardo Ratton e equipe.<\/p>\n\n\n\n<figure class=\"wp-block-image size-large\"><img loading=\"lazy\" decoding=\"async\" width=\"1024\" height=\"461\" src=\"https:\/\/www.paranapraia.com.br\/wp-content\/uploads\/2022\/05\/282195960_1875230779341067_5152955063728633150_n-1024x461.jpg\" alt=\"\" class=\"wp-image-37782\" srcset=\"https:\/\/www.paranapraia.com.br\/wp-content\/uploads\/2022\/05\/282195960_1875230779341067_5152955063728633150_n-1024x461.jpg 1024w, https:\/\/www.paranapraia.com.br\/wp-content\/uploads\/2022\/05\/282195960_1875230779341067_5152955063728633150_n-300x135.jpg 300w, https:\/\/www.paranapraia.com.br\/wp-content\/uploads\/2022\/05\/282195960_1875230779341067_5152955063728633150_n-768x346.jpg 768w, https:\/\/www.paranapraia.com.br\/wp-content\/uploads\/2022\/05\/282195960_1875230779341067_5152955063728633150_n-1536x692.jpg 1536w, https:\/\/www.paranapraia.com.br\/wp-content\/uploads\/2022\/05\/282195960_1875230779341067_5152955063728633150_n-696x313.jpg 696w, https:\/\/www.paranapraia.com.br\/wp-content\/uploads\/2022\/05\/282195960_1875230779341067_5152955063728633150_n-1068x481.jpg 1068w, https:\/\/www.paranapraia.com.br\/wp-content\/uploads\/2022\/05\/282195960_1875230779341067_5152955063728633150_n-933x420.jpg 933w, https:\/\/www.paranapraia.com.br\/wp-content\/uploads\/2022\/05\/282195960_1875230779341067_5152955063728633150_n.jpg 2048w\" sizes=\"(max-width: 1024px) 100vw, 1024px\" \/><\/figure>\n\n\n\n<p>O primeiro Plano de Mobilidade Urbana do munic\u00edpio encontra-se em suas etapas finais. O Plano foi elaborado pela Comiss\u00e3o T\u00e9cnica Municipal, a qual engloba a Secretaria de Projetos e Planejamento Urbano, Secretaria de Meio Ambiente, Agricultura e Pesca, Secretaria de Turismo e Desenvolvimento Econ\u00f4mico e demais t\u00e9cnicos municipais. Al\u00e9m da Comiss\u00e3o T\u00e9cnica, as diversas etapas de constru\u00e7\u00e3o Plano contaram com a participa\u00e7\u00e3o popular, atrav\u00e9s das oficinas de participa\u00e7\u00e3o e atrav\u00e9s das tr\u00eas audi\u00eancias p\u00fablicas anteriores. O Plano de Mobilidade Urbana visou, em primeiro lugar, atender aos anseios da popula\u00e7\u00e3o e, assim, pensar e planejar a mobilidade de Pontal do Paran\u00e1.A Engenheira Amanda Galucci, coordenadora do Plano de Mobilidade de Pontal do Paran\u00e1 explicou o objetivo da audi\u00eancia e quais suas consequ\u00eancias para o munic\u00edpio: \u201cA audi\u00eancia tem por objetivo apresentar para a popula\u00e7\u00e3o todo trabalho que est\u00e1 sendo elaborado pelas equipes t\u00e9cnicas municipal e de consultoria, que \u00e9 a FUPEF.<\/p>\n\n\n\n<figure class=\"wp-block-image size-large\"><img loading=\"lazy\" decoding=\"async\" width=\"1024\" height=\"462\" src=\"https:\/\/www.paranapraia.com.br\/wp-content\/uploads\/2022\/05\/283195689_1875230546007757_5860381590701372556_n-1024x462.jpg\" alt=\"\" class=\"wp-image-37783\" srcset=\"https:\/\/www.paranapraia.com.br\/wp-content\/uploads\/2022\/05\/283195689_1875230546007757_5860381590701372556_n-1024x462.jpg 1024w, https:\/\/www.paranapraia.com.br\/wp-content\/uploads\/2022\/05\/283195689_1875230546007757_5860381590701372556_n-300x135.jpg 300w, https:\/\/www.paranapraia.com.br\/wp-content\/uploads\/2022\/05\/283195689_1875230546007757_5860381590701372556_n-768x346.jpg 768w, https:\/\/www.paranapraia.com.br\/wp-content\/uploads\/2022\/05\/283195689_1875230546007757_5860381590701372556_n-1536x692.jpg 1536w, https:\/\/www.paranapraia.com.br\/wp-content\/uploads\/2022\/05\/283195689_1875230546007757_5860381590701372556_n-696x314.jpg 696w, https:\/\/www.paranapraia.com.br\/wp-content\/uploads\/2022\/05\/283195689_1875230546007757_5860381590701372556_n-1068x481.jpg 1068w, https:\/\/www.paranapraia.com.br\/wp-content\/uploads\/2022\/05\/283195689_1875230546007757_5860381590701372556_n-932x420.jpg 932w, https:\/\/www.paranapraia.com.br\/wp-content\/uploads\/2022\/05\/283195689_1875230546007757_5860381590701372556_n.jpg 2048w\" sizes=\"(max-width: 1024px) 100vw, 1024px\" \/><\/figure>\n\n\n\n<p> Ela apresenta os resultados para a popula\u00e7\u00e3o e coleta as contribui\u00e7\u00f5es, esclarece as d\u00favidas, \u00e9 uma etapa de consolida\u00e7\u00e3o da mobilidade urbana.Ela tamb\u00e9m apresenta os investimentos que s\u00e3o necess\u00e1rios para efetivar as a\u00e7\u00f5es, que ao todo s\u00e3o 66, distribu\u00eddas em curto, m\u00e9dio e longo prazo, vinculadas \u00e0 21 propostas. N\u00f3s temos um investimento necess\u00e1rio para que elas sejam realizadas pelo poder p\u00fablico e at\u00e9 a\u00e7\u00f5es que competem ao governo estadual. E tamb\u00e9m s\u00e3o apresentadas as minutas de leis que v\u00e3o instrumentalizar e garantir a efetiva\u00e7\u00e3o do plano ao longo destes 10 anos.Nossos estudos envolveram contagem de tr\u00e1fego, invent\u00e1rios f\u00edsicos, pesquisa com a popula\u00e7\u00e3o, \u00e9 um estudo bem embasado para termos um melhor planejamento. Se Pontal conseguir seguir este plano, vai caminhar para ser um munic\u00edpio com melhor fluxo e melhor qualidade de vida para a popula\u00e7\u00e3o\u201d.<\/p>\n\n\n\n<p>Assessoria<\/p>\n","protected":false},"excerpt":{"rendered":"<p>Foi realizada a 4\u00ba Audi\u00eancia P\u00fablica do Plano de Mobilidade de Pontal do Paran\u00e1. Ela \u00e9 a \u00faltima ao longo da elabora\u00e7\u00e3o do estudo que foi iniciado em maio de 2021 e tem t\u00e9rmino previsto para julho de 2022. Trata-se de uma audi\u00eancia semipresencial que contou com a participa\u00e7\u00e3o da popula\u00e7\u00e3o presente no Centro de [&hellip;]<\/p>\n","protected":false},"author":2,"featured_media":37781,"comment_status":"open","ping_status":"open","sticky":false,"template":"","format":"standard","meta":{"advanced_seo_description":"","jetpack_seo_html_title":"","jetpack_seo_noindex":false,"_jetpack_memberships_contains_paid_content":false,"footnotes":""},"categories":[40],"tags":[],"class_list":{"0":"post-37780","1":"post","2":"type-post","3":"status-publish","4":"format-standard","5":"has-post-thumbnail","7":"category-destaques"},"jetpack_featured_media_url":"https:\/\/www.paranapraia.com.br\/wp-content\/uploads\/2022\/05\/282561275_1875230662674412_4495352680606856281_n.jpg","jetpack_sharing_enabled":true,"_links":{"self":[{"href":"https:\/\/www.paranapraia.com.br\/index.php\/wp-json\/wp\/v2\/posts\/37780"}],"collection":[{"href":"https:\/\/www.paranapraia.com.br\/index.php\/wp-json\/wp\/v2\/posts"}],"about":[{"href":"https:\/\/www.paranapraia.com.br\/index.php\/wp-json\/wp\/v2\/types\/post"}],"author":[{"embeddable":true,"href":"https:\/\/www.paranapraia.com.br\/index.php\/wp-json\/wp\/v2\/users\/2"}],"replies":[{"embeddable":true,"href":"https:\/\/www.paranapraia.com.br\/index.php\/wp-json\/wp\/v2\/comments?post=37780"}],"version-history":[{"count":1,"href":"https:\/\/www.paranapraia.com.br\/index.php\/wp-json\/wp\/v2\/posts\/37780\/revisions"}],"predecessor-version":[{"id":37784,"href":"https:\/\/www.paranapraia.com.br\/index.php\/wp-json\/wp\/v2\/posts\/37780\/revisions\/37784"}],"wp:featuredmedia":[{"embeddable":true,"href":"https:\/\/www.paranapraia.com.br\/index.php\/wp-json\/wp\/v2\/media\/37781"}],"wp:attachment":[{"href":"https:\/\/www.paranapraia.com.br\/index.php\/wp-json\/wp\/v2\/media?parent=37780"}],"wp:term":[{"taxonomy":"category","embeddable":true,"href":"https:\/\/www.paranapraia.com.br\/index.php\/wp-json\/wp\/v2\/categories?post=37780"},{"taxonomy":"post_tag","embeddable":true,"href":"https:\/\/www.paranapraia.com.br\/index.php\/wp-json\/wp\/v2\/tags?post=37780"}],"curies":[{"name":"wp","href":"https:\/\/api.w.org\/{rel}","templated":true}]}}