{"id":37748,"date":"2022-05-23T14:46:45","date_gmt":"2022-05-23T17:46:45","guid":{"rendered":"https:\/\/www.paranapraia.com.br\/?p=37748"},"modified":"2022-05-23T14:46:46","modified_gmt":"2022-05-23T17:46:46","slug":"projeto-carretas-do-conhecimento-inicia-12-turmas-esta-semana-na-rmc-e-litoral","status":"publish","type":"post","link":"https:\/\/www.paranapraia.com.br\/index.php\/2022\/05\/23\/projeto-carretas-do-conhecimento-inicia-12-turmas-esta-semana-na-rmc-e-litoral\/","title":{"rendered":"Projeto Carretas do Conhecimento inicia 12 turmas esta semana na RMC e Litoral"},"content":{"rendered":"\n<p>Come\u00e7am nesta semana mais 12 turmas de seis diferentes cursos do programa de qualifica\u00e7\u00e3o de m\u00e3o de obra Carretas do Conhecimento, do Governo do Estado. S\u00e3o vagas voltadas para munic\u00edpios da Regi\u00e3o Metropolitana de Curitiba (RMC) e Litoral. O programa \u00e9 resultado de uma parceria da Secretaria estadual da Justi\u00e7a, Fam\u00edlia e Trabalho (Sejuf), Senai (Servi\u00e7o Nacional de Aprendizagem Industrial), Volkswagen, Funda\u00e7\u00e3o Volkswagen e prefeituras.<\/p>\n\n\n\n<p>Nesta segunda-feira (23), iniciam duas turmas (tarde e noite) de Mec\u00e2nica de Autom\u00f3veis em Arauc\u00e1ria e duas turmas (tarde e noite) de Mec\u00e2nica de Motocicletas em Almirante Tamandar\u00e9. Em Arauc\u00e1ria, a carreta ficar\u00e1 estacionada na frente do Parque Cachoeira, enquanto em Almirante Tamandar\u00e9 ser\u00e1 na frente da subprefeitura na Col\u00f4nia S\u00e3o Ven\u00e2ncio.<\/p>\n\n\n\n<p>J\u00e1 na quarta-feira (25), ser\u00e1 a vez dos cursos de Eletricidade Automotiva em Contenda; Mec\u00e2nica Industrial em Colombo, Inform\u00e1tica em Campo Magro, ambos com duas turmas cada (tarde e noite). O in\u00edcio das duas turmas de Instala\u00e7\u00e3o e Manuten\u00e7\u00e3o de Aparelhos de Ar-Condicionado em Morretes ocorre na quinta-feira (26).<\/p>\n\n\n\n<ul class=\"wp-block-list\"><li><strong><a href=\"https:\/\/www.aen.pr.gov.br\/Noticia\/Parana-inicia-semana-com-11150-empregos-disponiveis-nas-Agencias-do-Trabalhador\" target=\"_blank\" rel=\"noreferrer noopener\">Paran\u00e1 inicia a semana com 11.150 empregos dispon\u00edveis nas Ag\u00eancias do Trabalhador<\/a><\/strong><\/li><\/ul>\n\n\n\n<p>O projeto faz parte do programa de incentivos fiscais do Estado&nbsp;e oferece cursos com dura\u00e7\u00e3o de cerca de um m\u00eas (80h), atendendo de 16 a 20 alunos por turma. Ao final, os participantes recebem um certificado do Senai, o que facilita a entrada no mercado de trabalho.<\/p>\n\n\n\n<p>\u201cEsta iniciativa \u00e9 um complemento importante para as a\u00e7\u00f5es para gera\u00e7\u00e3o de emprego e renda do Governo do Estado, pois garante qualifica\u00e7\u00e3o gratuita ao cidad\u00e3o\u201d, disse o secret\u00e1rio Rog\u00e9rio Carboni. \u201cAo longo de 2022 ser\u00e3o 126 turmas em mais de 50 cidades em todas as regi\u00f5es do Paran\u00e1\u201d.<\/p>\n\n\n\n<p>Para participar do projeto basta ter 16 anos (exceto para o curso de El\u00e9trica Residencial, com idade m\u00ednima de 18 anos), ter o ensino fundamental completo, e ir at\u00e9 uma das 216 Ag\u00eancias do Trabalhador do Paran\u00e1 ou 183 Postos Avan\u00e7ados. Todas as informa\u00e7\u00f5es sobre as localidades e datas de in\u00edcio e fim dos cursos est\u00e3o dispon\u00edveis no site do&nbsp;<strong><a href=\"https:\/\/www.justica.pr.gov.br\/Pagina\/Projeto-Carreta-do-Conhecimento-2022\" target=\"_blank\" rel=\"noreferrer noopener\">projeto Carretas do Conhecimento<\/a><\/strong>.<\/p>\n\n\n\n<ul class=\"wp-block-list\"><li><strong><a href=\"https:\/\/www.aen.pr.gov.br\/Noticia\/Recomeca-Parana-oferta-4500-vagas-para-cursos-de-estimulo-ao-empreendedorismo\" target=\"_blank\" rel=\"noreferrer noopener\">Recome\u00e7a Paran\u00e1 oferta 4.500 vagas para cursos de est\u00edmulo ao empreendedorismo<\/a><\/strong><\/li><\/ul>\n\n\n\n<p>\u201cAtrav\u00e9s do di\u00e1logo constante com o setor produtivo, n\u00f3s sabemos as principais demandas de m\u00e3o de obra qualificada, o que nos possibilita j\u00e1 direcionar os cursos necess\u00e1rios em todas as regi\u00f5es do Paran\u00e1\u201d, afirmou Suellen Glinski, chefe do Departamento de Trabalho da Sejuf.<\/p>\n\n\n\n<p><strong>Confira os locais de cada turma:<\/strong><\/p>\n\n\n\n<p>Mec\u00e2nica de Autom\u00f3veis (2 turmas de 18 alunos) &#8211; Parque Cachoeira &#8211; Rua Cear\u00e1, 79 &#8211; Bairro Igua\u00e7u \u2013 Arauc\u00e1ria.<\/p>\n\n\n\n<p>Mec\u00e2nica de Motocicletas (2 turmas de 18 alunos) &#8211; Subprefeitura de Almirante Tamandar\u00e9 &#8211; R. Maur\u00edcio Rosemann, 15 &#8211; Col\u00f4nia S\u00e3o Ven\u00e2ncio &#8211; Almirante Tamandar\u00e9.<\/p>\n\n\n\n<p>Eletricidade Automotiva (2 turmas de 18 alunos) &#8211; Prefeitura Municipal de Contenda &#8211; Av. Jo\u00e3o Franco, 400 \u2013 Centro \u2013 Contenda.<\/p>\n\n\n\n<p>Mec\u00e2nica Industrial (2 turmas de 18 alunos) &#8211; Associa\u00e7\u00e3o de Moradores e Empres\u00e1rios do Centro Industrial Mau\u00e1 &#8211; Rua Anna de Souza, n\u00famero 73 &#8211; Centro Industrial Mau\u00e1 \u2013 Colombo.<\/p>\n\n\n\n<p>Inform\u00e1tica (2 turmas de 20 alunos) &#8211;&nbsp; Rua das Cam\u00e9lias, 127 &#8211; Jardim Boa Vista 1. Ao lado da Unidade B\u00e1sica de Sa\u00fade&nbsp; &#8211; Jardim Boa Vista &#8211; Campo Magro.<\/p>\n\n\n\n<p>Instala\u00e7\u00e3o e Manuten\u00e7\u00e3o de Aparelhos de Ar-Condicionado (2 turmas de 18 alunos) &#8211; P\u00e1tio da Prefeitura Municipal de Morretes &#8211; Pra\u00e7a Rocha Pombo, 10 &#8211; Vila dos Ferrovi\u00e1rios \u2013 Morretes.<\/p>\n\n\n\n<p>AEN<\/p>\n","protected":false},"excerpt":{"rendered":"<p>Come\u00e7am nesta semana mais 12 turmas de seis diferentes cursos do programa de qualifica\u00e7\u00e3o de m\u00e3o de obra Carretas do Conhecimento, do Governo do Estado. S\u00e3o vagas voltadas para munic\u00edpios da Regi\u00e3o Metropolitana de Curitiba (RMC) e Litoral. O programa \u00e9 resultado de uma parceria da Secretaria estadual da Justi\u00e7a, Fam\u00edlia e Trabalho (Sejuf), Senai [&hellip;]<\/p>\n","protected":false},"author":2,"featured_media":37749,"comment_status":"open","ping_status":"open","sticky":false,"template":"","format":"standard","meta":{"advanced_seo_description":"","jetpack_seo_html_title":"","jetpack_seo_noindex":false,"_jetpack_memberships_contains_paid_content":false,"footnotes":""},"categories":[40],"tags":[],"class_list":{"0":"post-37748","1":"post","2":"type-post","3":"status-publish","4":"format-standard","5":"has-post-thumbnail","7":"category-destaques"},"jetpack_featured_media_url":"https:\/\/www.paranapraia.com.br\/wp-content\/uploads\/2022\/05\/whatsapp_image_20190705_at_16.27.50.jpg","jetpack_sharing_enabled":true,"_links":{"self":[{"href":"https:\/\/www.paranapraia.com.br\/index.php\/wp-json\/wp\/v2\/posts\/37748"}],"collection":[{"href":"https:\/\/www.paranapraia.com.br\/index.php\/wp-json\/wp\/v2\/posts"}],"about":[{"href":"https:\/\/www.paranapraia.com.br\/index.php\/wp-json\/wp\/v2\/types\/post"}],"author":[{"embeddable":true,"href":"https:\/\/www.paranapraia.com.br\/index.php\/wp-json\/wp\/v2\/users\/2"}],"replies":[{"embeddable":true,"href":"https:\/\/www.paranapraia.com.br\/index.php\/wp-json\/wp\/v2\/comments?post=37748"}],"version-history":[{"count":1,"href":"https:\/\/www.paranapraia.com.br\/index.php\/wp-json\/wp\/v2\/posts\/37748\/revisions"}],"predecessor-version":[{"id":37750,"href":"https:\/\/www.paranapraia.com.br\/index.php\/wp-json\/wp\/v2\/posts\/37748\/revisions\/37750"}],"wp:featuredmedia":[{"embeddable":true,"href":"https:\/\/www.paranapraia.com.br\/index.php\/wp-json\/wp\/v2\/media\/37749"}],"wp:attachment":[{"href":"https:\/\/www.paranapraia.com.br\/index.php\/wp-json\/wp\/v2\/media?parent=37748"}],"wp:term":[{"taxonomy":"category","embeddable":true,"href":"https:\/\/www.paranapraia.com.br\/index.php\/wp-json\/wp\/v2\/categories?post=37748"},{"taxonomy":"post_tag","embeddable":true,"href":"https:\/\/www.paranapraia.com.br\/index.php\/wp-json\/wp\/v2\/tags?post=37748"}],"curies":[{"name":"wp","href":"https:\/\/api.w.org\/{rel}","templated":true}]}}