{"id":37740,"date":"2022-05-22T13:47:00","date_gmt":"2022-05-22T16:47:00","guid":{"rendered":"https:\/\/www.paranapraia.com.br\/?p=37740"},"modified":"2022-05-23T13:47:53","modified_gmt":"2022-05-23T16:47:53","slug":"circuito-caicara-reune-amantes-de-caminhadas-em-pontal-do-parana","status":"publish","type":"post","link":"https:\/\/www.paranapraia.com.br\/index.php\/2022\/05\/22\/circuito-caicara-reune-amantes-de-caminhadas-em-pontal-do-parana\/","title":{"rendered":"Circuito Cai\u00e7ara re\u00fane amantes de caminhadas em Pontal do Paran\u00e1"},"content":{"rendered":"\n<p>Foi realizado no domingo passado, a Caminhada Internacional da Natureza, Circuito Cai\u00e7ara, no balne\u00e1rio de Pontal do Sul.As sa\u00eddas ocorreram das 8h \u00e0s 10h. A trilha estava sinalizada e p\u00f4de ser percorrida em grupo ou individualmente.O evento \u00e9 organizado pela prefeitura municipal de Pontal do Paran\u00e1 em parceria com o Ecobooking, uma rede de coopera\u00e7\u00e3o voltada \u00e0 explora\u00e7\u00e3o sustent\u00e1vel dos recursos tur\u00edsticos de um munic\u00edpio, envolvendo o poder p\u00fablico e o turismo local.<\/p>\n\n\n\n<p>O Circuito Cai\u00e7ara recebeu este nome porque durante esse trajeto, os caminhantes interagiram com os ecossistemas de praia, restinga e manguezal, al\u00e9m de desfrutarem, em grande parte do percurso, da vista privilegiada para a Ilha do Mel.Para o evento todas as medidas contra a Covid-19 foram tomadas pelos organizadores, quem participou precisava obrigatoriamente estar com a vacina em dia.<\/p>\n\n\n\n<figure class=\"wp-block-image size-large\"><img loading=\"lazy\" decoding=\"async\" width=\"1024\" height=\"462\" src=\"https:\/\/www.paranapraia.com.br\/wp-content\/uploads\/2022\/05\/281898580_1873552412842237_4319749863414189496_n-1024x462.jpg\" alt=\"\" class=\"wp-image-37742\" srcset=\"https:\/\/www.paranapraia.com.br\/wp-content\/uploads\/2022\/05\/281898580_1873552412842237_4319749863414189496_n-1024x462.jpg 1024w, https:\/\/www.paranapraia.com.br\/wp-content\/uploads\/2022\/05\/281898580_1873552412842237_4319749863414189496_n-300x135.jpg 300w, https:\/\/www.paranapraia.com.br\/wp-content\/uploads\/2022\/05\/281898580_1873552412842237_4319749863414189496_n-768x346.jpg 768w, https:\/\/www.paranapraia.com.br\/wp-content\/uploads\/2022\/05\/281898580_1873552412842237_4319749863414189496_n-1536x692.jpg 1536w, https:\/\/www.paranapraia.com.br\/wp-content\/uploads\/2022\/05\/281898580_1873552412842237_4319749863414189496_n-696x314.jpg 696w, https:\/\/www.paranapraia.com.br\/wp-content\/uploads\/2022\/05\/281898580_1873552412842237_4319749863414189496_n-1068x481.jpg 1068w, https:\/\/www.paranapraia.com.br\/wp-content\/uploads\/2022\/05\/281898580_1873552412842237_4319749863414189496_n-932x420.jpg 932w, https:\/\/www.paranapraia.com.br\/wp-content\/uploads\/2022\/05\/281898580_1873552412842237_4319749863414189496_n.jpg 2048w\" sizes=\"(max-width: 1024px) 100vw, 1024px\" \/><\/figure>\n\n\n\n<p>Francelino Correa Neto do grupo de caminhada Acordar na Trilha de Paranagu\u00e1, participa do circuito Caminhadas da Natureza h\u00e1 6 anos, ele trouxe a fam\u00edlia toda e mais dois amigos de quatro patas (Darwin e Theo). <\/p>\n\n\n\n<p>E comentou sobre o evento: \u201cAcho as caminhadas aqui em Pontal muito importantes, seguem uma estrutura de protocolo internacional, dando seguran\u00e7a para n\u00f3s caminharmos, tem trilhas demarcadas, seguran\u00e7a, ambul\u00e2ncia e carros de apoio. Nosso grupo a maioria j\u00e1 passou dos 50 anos e agora tem uma nova safra. Ent\u00e3o termos seguran\u00e7a no caminhar \u00e9 super importante. Pontal do Paran\u00e1 sai na frente porque tem muitos circuitos de caminhada, e n\u00f3s participamos de todos\u201d.<\/p>\n\n\n\n<figure class=\"wp-block-image size-large\"><img loading=\"lazy\" decoding=\"async\" width=\"1024\" height=\"462\" src=\"https:\/\/www.paranapraia.com.br\/wp-content\/uploads\/2022\/05\/281236394_1873552849508860_6901123311134848858_n-1024x462.jpg\" alt=\"\" class=\"wp-image-37743\" srcset=\"https:\/\/www.paranapraia.com.br\/wp-content\/uploads\/2022\/05\/281236394_1873552849508860_6901123311134848858_n-1024x462.jpg 1024w, https:\/\/www.paranapraia.com.br\/wp-content\/uploads\/2022\/05\/281236394_1873552849508860_6901123311134848858_n-300x135.jpg 300w, https:\/\/www.paranapraia.com.br\/wp-content\/uploads\/2022\/05\/281236394_1873552849508860_6901123311134848858_n-768x346.jpg 768w, https:\/\/www.paranapraia.com.br\/wp-content\/uploads\/2022\/05\/281236394_1873552849508860_6901123311134848858_n-1536x692.jpg 1536w, https:\/\/www.paranapraia.com.br\/wp-content\/uploads\/2022\/05\/281236394_1873552849508860_6901123311134848858_n-696x314.jpg 696w, https:\/\/www.paranapraia.com.br\/wp-content\/uploads\/2022\/05\/281236394_1873552849508860_6901123311134848858_n-1068x481.jpg 1068w, https:\/\/www.paranapraia.com.br\/wp-content\/uploads\/2022\/05\/281236394_1873552849508860_6901123311134848858_n-932x420.jpg 932w, https:\/\/www.paranapraia.com.br\/wp-content\/uploads\/2022\/05\/281236394_1873552849508860_6901123311134848858_n.jpg 2048w\" sizes=\"(max-width: 1024px) 100vw, 1024px\" \/><\/figure>\n\n\n\n<p>A prefeitura de Pontal do Paran\u00e1 autorizou que v\u00e1rios comerciantes locais, montassem suas barracas pr\u00f3ximas ao local do evento. S\u00e3o os mesmos que trabalham na j\u00e1 famosa \u201cFeira da Lua\u201d.<\/p>\n\n\n\n<p>O evento contou com a presen\u00e7a da Guarda Municipal de Pontal do Paran\u00e1 durante todo o percurso dos caminhantes.Estiveram presentes tamb\u00e9m o prefeito de Pontal do Paran\u00e1 Rud\u00e3o Gimenes, a primeira-dama do munic\u00edpio, Bruna Mariotti, o Secret\u00e1rio de Turismo e Desenvolvimento Econ\u00f4mico Gilberto Keserle, o Secret\u00e1rio de Esportes, Cultura, Lazer e Juventude, Jo\u00e3o Carlos Marcon e o Secret\u00e1rio de Projetos e Planejamento Urbano, Heitor Kayamori.<\/p>\n\n\n\n<p>Assessoria<\/p>\n","protected":false},"excerpt":{"rendered":"<p>Foi realizado no domingo passado, a Caminhada Internacional da Natureza, Circuito Cai\u00e7ara, no balne\u00e1rio de Pontal do Sul.As sa\u00eddas ocorreram das 8h \u00e0s 10h. A trilha estava sinalizada e p\u00f4de ser percorrida em grupo ou individualmente.O evento \u00e9 organizado pela prefeitura municipal de Pontal do Paran\u00e1 em parceria com o Ecobooking, uma rede de coopera\u00e7\u00e3o [&hellip;]<\/p>\n","protected":false},"author":2,"featured_media":37741,"comment_status":"open","ping_status":"open","sticky":false,"template":"","format":"standard","meta":{"advanced_seo_description":"","jetpack_seo_html_title":"","jetpack_seo_noindex":false,"_jetpack_memberships_contains_paid_content":false,"footnotes":""},"categories":[40],"tags":[],"class_list":{"0":"post-37740","1":"post","2":"type-post","3":"status-publish","4":"format-standard","5":"has-post-thumbnail","7":"category-destaques"},"jetpack_featured_media_url":"https:\/\/www.paranapraia.com.br\/wp-content\/uploads\/2022\/05\/283241065_1873552352842243_1186330336400989901_n.jpg","jetpack_sharing_enabled":true,"_links":{"self":[{"href":"https:\/\/www.paranapraia.com.br\/index.php\/wp-json\/wp\/v2\/posts\/37740"}],"collection":[{"href":"https:\/\/www.paranapraia.com.br\/index.php\/wp-json\/wp\/v2\/posts"}],"about":[{"href":"https:\/\/www.paranapraia.com.br\/index.php\/wp-json\/wp\/v2\/types\/post"}],"author":[{"embeddable":true,"href":"https:\/\/www.paranapraia.com.br\/index.php\/wp-json\/wp\/v2\/users\/2"}],"replies":[{"embeddable":true,"href":"https:\/\/www.paranapraia.com.br\/index.php\/wp-json\/wp\/v2\/comments?post=37740"}],"version-history":[{"count":1,"href":"https:\/\/www.paranapraia.com.br\/index.php\/wp-json\/wp\/v2\/posts\/37740\/revisions"}],"predecessor-version":[{"id":37744,"href":"https:\/\/www.paranapraia.com.br\/index.php\/wp-json\/wp\/v2\/posts\/37740\/revisions\/37744"}],"wp:featuredmedia":[{"embeddable":true,"href":"https:\/\/www.paranapraia.com.br\/index.php\/wp-json\/wp\/v2\/media\/37741"}],"wp:attachment":[{"href":"https:\/\/www.paranapraia.com.br\/index.php\/wp-json\/wp\/v2\/media?parent=37740"}],"wp:term":[{"taxonomy":"category","embeddable":true,"href":"https:\/\/www.paranapraia.com.br\/index.php\/wp-json\/wp\/v2\/categories?post=37740"},{"taxonomy":"post_tag","embeddable":true,"href":"https:\/\/www.paranapraia.com.br\/index.php\/wp-json\/wp\/v2\/tags?post=37740"}],"curies":[{"name":"wp","href":"https:\/\/api.w.org\/{rel}","templated":true}]}}