{"id":37737,"date":"2022-05-21T13:24:00","date_gmt":"2022-05-21T16:24:00","guid":{"rendered":"https:\/\/www.paranapraia.com.br\/?p=37737"},"modified":"2022-05-23T13:25:13","modified_gmt":"2022-05-23T16:25:13","slug":"a-importancia-da-educacao-no-combate-a-lgbtfobia","status":"publish","type":"post","link":"https:\/\/www.paranapraia.com.br\/index.php\/2022\/05\/21\/a-importancia-da-educacao-no-combate-a-lgbtfobia\/","title":{"rendered":"A import\u00e2ncia da educa\u00e7\u00e3o no combate \u00e0 LGBTfobia"},"content":{"rendered":"\n<p>Ampliar os horizontes para as diversidades com respeito ao espa\u00e7o e \u00e0 decis\u00e3o de cada um sobre sua vida e seu corpo \u00e9 um dos objetivos do&nbsp;<strong>Dia Internacional Contra a LGBTfobia<\/strong>, celebrado em 17 de maio. No Brasil, a data tem especial relev\u00e2ncia pelo fato de o pa\u00eds abrigar cerca de 20 milh\u00f5es&nbsp;de cidad\u00e3os (10% da popula\u00e7\u00e3o) que se identificam como pessoas LGBTIA+, de acordo com a Associa\u00e7\u00e3o Brasileira de Gays, L\u00e9sbicas, Bissexuais, Travestis e Transexuais (ABGLT).<\/p>\n\n\n\n<p>A conscientiza\u00e7\u00e3o \u00e9 tamb\u00e9m amplamente necess\u00e1ria por se tratar do pa\u00eds que mais mata transexuais no mundo, liderando a infame estat\u00edstica h\u00e1 13 anos, desde o in\u00edcio do registro realizado anualmente pela&nbsp;<a href=\"https:\/\/transrespect.org\/en\/tmm-update-tdor-2021\/?utm_source=uninter-noticias&amp;utm_medium=referral\"><strong>Transgender Europe<\/strong><\/a>. Somente em 2020, a contabiliza\u00e7\u00e3o foi de 175 assassinatos (33% da soma mundial). E o n\u00famero pode ser ainda maior: de acordo com&nbsp;entidades ligadas \u00e0 causa,&nbsp;os relat\u00f3rios teriam baixa precis\u00e3o e muitas&nbsp;mortes ocasionadas por LGBTfobia n\u00e3o teriam sido registradas como tal pelos sistemas de seguran\u00e7a p\u00fablica do Brasil.<\/p>\n\n\n\n<p>A data se torna significativa na busca&nbsp;por inclus\u00e3o e pelo combate \u00e0 viol\u00eancia. O debate sobre sexualidade fomenta&nbsp;o respeito \u00e0&nbsp;forma como cada um se v\u00ea e busca desmistificar o preconceito da sociedade, dia ap\u00f3s dia. \u201cPreconceito todos n\u00f3s temos, uns mais, outros menos, mas a gente vai ter que ir eliminando isso com bastante informa\u00e7\u00e3o e conhecimento\u201d, afirma o doutor em educa\u00e7\u00e3o e especialista em sexualidade humana Toni Reis.&nbsp;Militante desde os 20 anos de idade pelos direitos humanos e da popula\u00e7\u00e3o LGBTIA+, ex-presidente e um dos fundadores da ABGLT, Reis afirma com convic\u00e7\u00e3o, parafraseando Arist\u00f3teles: \u201cA finalidade da vida \u00e9 ser feliz\u201d.<\/p>\n\n\n\n<p>O educador comenta que hoje temos a possibilidade de nos embasarmos na Constitui\u00e7\u00e3o e nas decis\u00f5es do Supremo Tribunal Federal (STF) de forma did\u00e1tica na preserva\u00e7\u00e3o de direitos, conquistados pouco a pouco. Acompanhadas pelo conhecimento e pelo respeito, podemos compreender, por exemplo, os novos formatos de fam\u00edlia,&nbsp;incluindo a valoriza\u00e7\u00e3o de advogadas, assistentes sociais e psic\u00f3logas&nbsp;na forma\u00e7\u00e3o desse&nbsp;processo para concretizar o sonho de ter e ser fam\u00edlia.<\/p>\n\n\n\n<p>\u201cPor todo o sofrimento que eu passei na minha adolesc\u00eancia, eu n\u00e3o desejo nem para a pior pessoa que voc\u00eas conhe\u00e7am o sofrimento que era n\u00e3o ser aceito na fam\u00edlia, na religi\u00e3o, na escola e na sociedade. Isso fez com que eu me tornasse um ativista militante\u201d, comenta o professor.<\/p>\n\n\n\n<p>O professor, que tamb\u00e9m \u00e9 pedagogo formado pela&nbsp;<a href=\"https:\/\/www.uninter.com\/?utm_source=uninter-noticias&amp;utm_medium=referral\"><strong>Uninter<\/strong><\/a>, ressalta que n\u00e3o se pode ter uma pr\u00e1tica educativa sem a teoria,&nbsp;uma vez que ambas est\u00e3o atreladas ao ensino. Nesse sentido, o curso de gradua\u00e7\u00e3o&nbsp;o ensinou muito sobre a Legisla\u00e7\u00e3o. \u201cEsse [curso de&nbsp;<a href=\"https:\/\/www.uninter.com\/graduacao-ead\/curso-pedagogia\/?utm_source=uninter-noticias&amp;utm_medium=referral\"><strong>Pedagogia<\/strong><\/a>] que d\u00e1 o conhecimento e a sabedoria que a gente tem que levar aos nossos estudantes. O curso foi excelente, eu recomendo a todas as pessoas\u201d, avalia. \u201cSem ter um bom pedagogo ou pedagoga, n\u00e3o tem como ter uma educa\u00e7\u00e3o de qualidade, eficiente e organizada.\u201d<\/p>\n\n\n\n<p>Podemos nos tornar melhores todos os dias quando nos permitimos conhecer o outro e n\u00f3s mesmos, trabalhando a empatia para melhor compartilhar a vida. \u00c9 sempre importante considerar nesta caminhada de luta pelo respeito \u00e0 diversidade uma frase de Paulo Freire:&nbsp;\u201cEnquanto&nbsp;luto,&nbsp;sou movido pela esperan\u00e7a; e se&nbsp;eu&nbsp;lutar com esperan\u00e7a,&nbsp;posso esperar\u201d.<\/p>\n\n\n\n<p>Toni Reis foi o convidado do programa&nbsp;<a href=\"https:\/\/www.youtube.com\/playlist?list=PLZYhy0XI1So8vO-ya4gWMatlBH1SkfTsP?utm_source=uninter-noticias&amp;utm_medium=referral\"><strong>Fala, Prof!<\/strong><\/a>&nbsp;deste m\u00eas sobre o tema diversidade sexual e de g\u00eanero. Exibido na&nbsp;<a href=\"https:\/\/www.youtube.com\/c\/R%C3%A1dioUninter?utm_source=uninter-noticias&amp;utm_medium=referral\"><strong>R\u00e1dio Uninter<\/strong><\/a>&nbsp;em 17 de maio de 2022, com media\u00e7\u00e3o das professoras Talita Cabral e Relly Amaral, voc\u00ea pode conferi-lo neste&nbsp;<a href=\"https:\/\/www.youtube.com\/watch?v=7rQYmDw8pzE?utm_source=uninter-noticias&amp;utm_medium=referral\"><strong>link<\/strong><\/a>.<\/p>\n\n\n\n<ul class=\"wp-block-list\"><li><em><\/em><\/li><li><em><\/em><\/li><li><em><\/em><\/li><li><em><\/em><\/li><\/ul>\n\n\n\n<p><small>Autor:&nbsp;<\/small>Izadora Alves &#8211; Estagi\u00e1ria de Jornalismo<br><small>Edi\u00e7\u00e3o:&nbsp;<\/small>Arthur Salles &#8211; Assistente de Comunica\u00e7\u00e3o Acad\u00eamica<br><small>Cr\u00e9ditos do Fot\u00f3grafo:&nbsp;<strong>Sharon McCutcheon\/Pexels e reprodu\u00e7\u00e3o YouTube<\/strong><\/small><\/p>\n","protected":false},"excerpt":{"rendered":"<p>Ampliar os horizontes para as diversidades com respeito ao espa\u00e7o e \u00e0 decis\u00e3o de cada um sobre sua vida e seu corpo \u00e9 um dos objetivos do&nbsp;Dia Internacional Contra a LGBTfobia, celebrado em 17 de maio. No Brasil, a data tem especial relev\u00e2ncia pelo fato de o pa\u00eds abrigar cerca de 20 milh\u00f5es&nbsp;de cidad\u00e3os (10% [&hellip;]<\/p>\n","protected":false},"author":2,"featured_media":37738,"comment_status":"open","ping_status":"open","sticky":false,"template":"","format":"standard","meta":{"advanced_seo_description":"","jetpack_seo_html_title":"","jetpack_seo_noindex":false,"_jetpack_memberships_contains_paid_content":false,"footnotes":""},"categories":[40],"tags":[],"class_list":{"0":"post-37737","1":"post","2":"type-post","3":"status-publish","4":"format-standard","5":"has-post-thumbnail","7":"category-destaques"},"jetpack_featured_media_url":"https:\/\/www.paranapraia.com.br\/wp-content\/uploads\/2022\/05\/noticias_pexels-sharon-mccutcheon-3802075-1-1024x683-1.jpg","jetpack_sharing_enabled":true,"_links":{"self":[{"href":"https:\/\/www.paranapraia.com.br\/index.php\/wp-json\/wp\/v2\/posts\/37737"}],"collection":[{"href":"https:\/\/www.paranapraia.com.br\/index.php\/wp-json\/wp\/v2\/posts"}],"about":[{"href":"https:\/\/www.paranapraia.com.br\/index.php\/wp-json\/wp\/v2\/types\/post"}],"author":[{"embeddable":true,"href":"https:\/\/www.paranapraia.com.br\/index.php\/wp-json\/wp\/v2\/users\/2"}],"replies":[{"embeddable":true,"href":"https:\/\/www.paranapraia.com.br\/index.php\/wp-json\/wp\/v2\/comments?post=37737"}],"version-history":[{"count":1,"href":"https:\/\/www.paranapraia.com.br\/index.php\/wp-json\/wp\/v2\/posts\/37737\/revisions"}],"predecessor-version":[{"id":37739,"href":"https:\/\/www.paranapraia.com.br\/index.php\/wp-json\/wp\/v2\/posts\/37737\/revisions\/37739"}],"wp:featuredmedia":[{"embeddable":true,"href":"https:\/\/www.paranapraia.com.br\/index.php\/wp-json\/wp\/v2\/media\/37738"}],"wp:attachment":[{"href":"https:\/\/www.paranapraia.com.br\/index.php\/wp-json\/wp\/v2\/media?parent=37737"}],"wp:term":[{"taxonomy":"category","embeddable":true,"href":"https:\/\/www.paranapraia.com.br\/index.php\/wp-json\/wp\/v2\/categories?post=37737"},{"taxonomy":"post_tag","embeddable":true,"href":"https:\/\/www.paranapraia.com.br\/index.php\/wp-json\/wp\/v2\/tags?post=37737"}],"curies":[{"name":"wp","href":"https:\/\/api.w.org\/{rel}","templated":true}]}}