{"id":37569,"date":"2022-05-09T15:10:13","date_gmt":"2022-05-09T18:10:13","guid":{"rendered":"https:\/\/www.paranapraia.com.br\/?p=37569"},"modified":"2022-05-09T15:10:14","modified_gmt":"2022-05-09T18:10:14","slug":"parana-registra-405-novos-casos-de-covid-19-sem-obitos","status":"publish","type":"post","link":"https:\/\/www.paranapraia.com.br\/index.php\/2022\/05\/09\/parana-registra-405-novos-casos-de-covid-19-sem-obitos\/","title":{"rendered":"Paran\u00e1 registra 405 novos casos de Covid-19, sem \u00f3bitos"},"content":{"rendered":"\n<p>A Secretaria de Estado da Sa\u00fade (Sesa) divulgou nesta segunda-feira (9) mais 405 casos de Covid-19. O documento n\u00e3o registra nenhuma morte em decorr\u00eancia da infec\u00e7\u00e3o causada pelo novo coronav\u00edrus.<\/p>\n\n\n\n<p>Os dados acumulados do monitoramento da Covid-19 mostram que o Paran\u00e1 soma 2.456.880 casos e 42.900 \u00f3bitos pela doen\u00e7a.<\/p>\n\n\n\n<p>Os casos confirmados divulgados nesta data s\u00e3o de maio (390), abril (4), fevereiro (2) e janeiro (5) de 2022; outubro (1), setembro (1), julho (1) e junho (1) de 2021.<\/p>\n\n\n\n<p><strong>INTERNADOS&nbsp;<\/strong>\u2013&nbsp;137 pacientes com diagn\u00f3stico confirmado ou suspeito de Covid-19 est\u00e3o internados, todos em leitos SUS (57 em UTIs e 80 em leitos cl\u00ednicos\/enfermaria).<\/p>\n\n\n\n<p><strong>FORA DO PARAN\u00c1<\/strong>&nbsp;\u2013&nbsp;O monitoramento da Sesa contabiliza 10.936 casos de n\u00e3o residentes no Estado&nbsp;\u2013 233 pessoas morreram.<\/p>\n\n\n\n<p><strong><a href=\"https:\/\/www.saude.pr.gov.br\/sites\/default\/arquivos_restritos\/files\/documento\/2022-05\/informe_epidemiologico_09_05_2022.pdf\" target=\"_blank\" rel=\"noreferrer noopener\">Confira o informe completo<\/a><\/strong>.<\/p>\n\n\n\n<p><strong>Confira os ajustes no\u00a0<a rel=\"noreferrer noopener\" href=\"https:\/\/www.saude.pr.gov.br\/Noticia\/Sesa-divulga-405-novos-casos-e-nenhum-obito-pela-Covid-19\" target=\"_blank\">site da Sesa<\/a>.<\/strong><\/p>\n\n\n\n<p>AEN<\/p>\n","protected":false},"excerpt":{"rendered":"<p>A Secretaria de Estado da Sa\u00fade (Sesa) divulgou nesta segunda-feira (9) mais 405 casos de Covid-19. O documento n\u00e3o registra nenhuma morte em decorr\u00eancia da infec\u00e7\u00e3o causada pelo novo coronav\u00edrus. Os dados acumulados do monitoramento da Covid-19 mostram que o Paran\u00e1 soma 2.456.880 casos e 42.900 \u00f3bitos pela doen\u00e7a. Os casos confirmados divulgados nesta data [&hellip;]<\/p>\n","protected":false},"author":2,"featured_media":37570,"comment_status":"open","ping_status":"open","sticky":false,"template":"","format":"standard","meta":{"advanced_seo_description":"","jetpack_seo_html_title":"","jetpack_seo_noindex":false,"_jetpack_memberships_contains_paid_content":false,"footnotes":""},"categories":[50],"tags":[],"class_list":{"0":"post-37569","1":"post","2":"type-post","3":"status-publish","4":"format-standard","5":"has-post-thumbnail","7":"category-saude"},"jetpack_featured_media_url":"https:\/\/www.paranapraia.com.br\/wp-content\/uploads\/2022\/05\/banner_covid_2021-1.jpg","jetpack_sharing_enabled":true,"_links":{"self":[{"href":"https:\/\/www.paranapraia.com.br\/index.php\/wp-json\/wp\/v2\/posts\/37569"}],"collection":[{"href":"https:\/\/www.paranapraia.com.br\/index.php\/wp-json\/wp\/v2\/posts"}],"about":[{"href":"https:\/\/www.paranapraia.com.br\/index.php\/wp-json\/wp\/v2\/types\/post"}],"author":[{"embeddable":true,"href":"https:\/\/www.paranapraia.com.br\/index.php\/wp-json\/wp\/v2\/users\/2"}],"replies":[{"embeddable":true,"href":"https:\/\/www.paranapraia.com.br\/index.php\/wp-json\/wp\/v2\/comments?post=37569"}],"version-history":[{"count":1,"href":"https:\/\/www.paranapraia.com.br\/index.php\/wp-json\/wp\/v2\/posts\/37569\/revisions"}],"predecessor-version":[{"id":37571,"href":"https:\/\/www.paranapraia.com.br\/index.php\/wp-json\/wp\/v2\/posts\/37569\/revisions\/37571"}],"wp:featuredmedia":[{"embeddable":true,"href":"https:\/\/www.paranapraia.com.br\/index.php\/wp-json\/wp\/v2\/media\/37570"}],"wp:attachment":[{"href":"https:\/\/www.paranapraia.com.br\/index.php\/wp-json\/wp\/v2\/media?parent=37569"}],"wp:term":[{"taxonomy":"category","embeddable":true,"href":"https:\/\/www.paranapraia.com.br\/index.php\/wp-json\/wp\/v2\/categories?post=37569"},{"taxonomy":"post_tag","embeddable":true,"href":"https:\/\/www.paranapraia.com.br\/index.php\/wp-json\/wp\/v2\/tags?post=37569"}],"curies":[{"name":"wp","href":"https:\/\/api.w.org\/{rel}","templated":true}]}}