{"id":37566,"date":"2022-05-09T15:08:29","date_gmt":"2022-05-09T18:08:29","guid":{"rendered":"https:\/\/www.paranapraia.com.br\/?p=37566"},"modified":"2022-05-09T15:08:31","modified_gmt":"2022-05-09T18:08:31","slug":"avatar-o-caminho-da-agua-ganha-primeiro-trailer-assista","status":"publish","type":"post","link":"https:\/\/www.paranapraia.com.br\/index.php\/2022\/05\/09\/avatar-o-caminho-da-agua-ganha-primeiro-trailer-assista\/","title":{"rendered":"&#8220;Avatar: O caminho da \u00e1gua&#8221; ganha primeiro trailer. Assista!"},"content":{"rendered":"\n<p>O primeiro&nbsp;<a href=\"https:\/\/olhardigital.com.br\/tag\/trailer\/\" target=\"_blank\" rel=\"noreferrer noopener\">trailer<\/a>&nbsp;oficial de \u201c<a href=\"https:\/\/olhardigital.com.br\/tag\/avatar\/\" target=\"_blank\" rel=\"noreferrer noopener\">Avatar<\/a>: O Caminho da \u00c1gua\u201d finalmente foi lan\u00e7ado, trazendo de volta o universo fant\u00e1stico que conhecemos h\u00e1 mais de 10 anos.<\/p>\n\n\n\n<p>O primeiro trailer de \u201cO Caminho da \u00c1gua\u201d \u00e9 cheio de imagens fant\u00e1sticas do fascinante universo de \u201cAvatar\u201d, que foi apresentado no megassucesso de bilheteria de James Cameron em 2009, e agora busca retomar isto com a continua\u00e7\u00e3o da franquia.<\/p>\n\n\n\n<p>Iniciando o auge do cinema 3D, \u201cAvatar\u201d possui o posto de maior bilheteria da hist\u00f3ria do cinema, ap\u00f3s relan\u00e7amentos ajudarem o filme a ultrapassar \u201cVingadores: Ultimato\u201d, que havia tomado a ponta nessa disputa. Recentemente foi divulgado que o&nbsp;<a href=\"https:\/\/olhardigital.com.br\/2022\/04\/27\/cinema-e-streaming\/avatar-sera-remasterizado-e-relancado-nos-cinemas\/\" target=\"_blank\" rel=\"noreferrer noopener\">primeiro filme ser\u00e1 relan\u00e7ado nos cinemas<\/a>&nbsp;para relembrar os f\u00e3s da hist\u00f3ria inicial.<\/p>\n\n\n\n<p>O trailer de \u201cAvatar: O Caminho da \u00c1gua\u201d em quest\u00e3o j\u00e1 havia sido lan\u00e7ado nos cinemas, sendo exibido antes de \u201cDoutor Estranho no Multiverso da Loucura\u201d. Algumas imagens vistas no trailer\u00a0<a rel=\"noreferrer noopener\" href=\"https:\/\/olhardigital.com.br\/2022\/04\/30\/cinema-e-streaming\/tudo-sobre-avatar-2-caminho-da-agua\/\" target=\"_blank\">chegaram a vazar no Reddit<\/a>.<\/p>\n\n\n\n<figure class=\"wp-block-embed is-type-video is-provider-youtube wp-block-embed-youtube wp-embed-aspect-16-9 wp-has-aspect-ratio\"><div class=\"wp-block-embed__wrapper\">\n<div class=\"youtube-embed\" data-video_id=\"-cmwzbZ072U\"><iframe loading=\"lazy\" title=\"Avatar: O Caminho da \u00c1gua | Teaser Trailer Oficial\" width=\"696\" height=\"392\" src=\"https:\/\/www.youtube.com\/embed\/-cmwzbZ072U?feature=oembed&#038;enablejsapi=1\" frameborder=\"0\" allow=\"accelerometer; autoplay; clipboard-write; encrypted-media; gyroscope; picture-in-picture\" allowfullscreen><\/iframe><\/div>\n<\/div><\/figure>\n","protected":false},"excerpt":{"rendered":"<p>O primeiro&nbsp;trailer&nbsp;oficial de \u201cAvatar: O Caminho da \u00c1gua\u201d finalmente foi lan\u00e7ado, trazendo de volta o universo fant\u00e1stico que conhecemos h\u00e1 mais de 10 anos. O primeiro trailer de \u201cO Caminho da \u00c1gua\u201d \u00e9 cheio de imagens fant\u00e1sticas do fascinante universo de \u201cAvatar\u201d, que foi apresentado no megassucesso de bilheteria de James Cameron em 2009, e [&hellip;]<\/p>\n","protected":false},"author":2,"featured_media":37567,"comment_status":"open","ping_status":"open","sticky":false,"template":"","format":"standard","meta":{"advanced_seo_description":"","jetpack_seo_html_title":"","jetpack_seo_noindex":false,"_jetpack_memberships_contains_paid_content":false,"footnotes":""},"categories":[40],"tags":[],"class_list":{"0":"post-37566","1":"post","2":"type-post","3":"status-publish","4":"format-standard","5":"has-post-thumbnail","7":"category-destaques"},"jetpack_featured_media_url":"https:\/\/www.paranapraia.com.br\/wp-content\/uploads\/2022\/05\/avatar-o-caminho-da-agua-trailer.jpg","jetpack_sharing_enabled":true,"_links":{"self":[{"href":"https:\/\/www.paranapraia.com.br\/index.php\/wp-json\/wp\/v2\/posts\/37566"}],"collection":[{"href":"https:\/\/www.paranapraia.com.br\/index.php\/wp-json\/wp\/v2\/posts"}],"about":[{"href":"https:\/\/www.paranapraia.com.br\/index.php\/wp-json\/wp\/v2\/types\/post"}],"author":[{"embeddable":true,"href":"https:\/\/www.paranapraia.com.br\/index.php\/wp-json\/wp\/v2\/users\/2"}],"replies":[{"embeddable":true,"href":"https:\/\/www.paranapraia.com.br\/index.php\/wp-json\/wp\/v2\/comments?post=37566"}],"version-history":[{"count":1,"href":"https:\/\/www.paranapraia.com.br\/index.php\/wp-json\/wp\/v2\/posts\/37566\/revisions"}],"predecessor-version":[{"id":37568,"href":"https:\/\/www.paranapraia.com.br\/index.php\/wp-json\/wp\/v2\/posts\/37566\/revisions\/37568"}],"wp:featuredmedia":[{"embeddable":true,"href":"https:\/\/www.paranapraia.com.br\/index.php\/wp-json\/wp\/v2\/media\/37567"}],"wp:attachment":[{"href":"https:\/\/www.paranapraia.com.br\/index.php\/wp-json\/wp\/v2\/media?parent=37566"}],"wp:term":[{"taxonomy":"category","embeddable":true,"href":"https:\/\/www.paranapraia.com.br\/index.php\/wp-json\/wp\/v2\/categories?post=37566"},{"taxonomy":"post_tag","embeddable":true,"href":"https:\/\/www.paranapraia.com.br\/index.php\/wp-json\/wp\/v2\/tags?post=37566"}],"curies":[{"name":"wp","href":"https:\/\/api.w.org\/{rel}","templated":true}]}}