{"id":37563,"date":"2022-05-09T14:59:32","date_gmt":"2022-05-09T17:59:32","guid":{"rendered":"https:\/\/www.paranapraia.com.br\/?p=37563"},"modified":"2022-05-09T14:59:34","modified_gmt":"2022-05-09T17:59:34","slug":"protecoes-costeiras-comecam-a-ser-implantadas-na-orla-de-matinhos-nesta-terca","status":"publish","type":"post","link":"https:\/\/www.paranapraia.com.br\/index.php\/2022\/05\/09\/protecoes-costeiras-comecam-a-ser-implantadas-na-orla-de-matinhos-nesta-terca\/","title":{"rendered":"Prote\u00e7\u00f5es costeiras come\u00e7am a ser implantadas na orla de Matinhos nesta ter\u00e7a"},"content":{"rendered":"\n<p>Matinhos, no Litoral do Estado, recebe a partir desta ter\u00e7a-feira (10) novas prote\u00e7\u00f5es costeiras. As estruturas fazem parte da prepara\u00e7\u00e3o para a realiza\u00e7\u00e3o das obras de recupera\u00e7\u00e3o da praia, projeto do Instituto \u00c1gua e Terra (IAT), executado pelo Cons\u00f3rcio Sambaqui.<\/p>\n\n\n\n<p>A prote\u00e7\u00e3o costeira \u00e9 formada por formas t\u00eaxteis do tipo bolsa e do tipo colcha, preenchidas com argamassa, que ir\u00e3o funcionar como um muro de prote\u00e7\u00e3o das estruturas de urbanismo e paisagismo. Estas s\u00e3o importantes elementos para dar seguran\u00e7a \u00e0 orla da praia durante as ocorr\u00eancias de ressacas. A instala\u00e7\u00e3o come\u00e7a em Caiob\u00e1 e vai at\u00e9 o final da interven\u00e7\u00e3o, no Balne\u00e1rio Fl\u00f3rida.<\/p>\n\n\n\n<p>As obras na Orla de Matinhos preveem, al\u00e9m da engorda da faixa de areia por meio de aterro hidr\u00e1ulico, estruturas mar\u00edtimas semirr\u00edgidas, canais de macrodrenagem e redes de microdrenagem, e revitaliza\u00e7\u00e3o urban\u00edstica da praia e da cal\u00e7ada com o plantio de \u00e1rvores nativas. Tamb\u00e9m ser\u00e3o realizadas melhorias na pavimenta\u00e7\u00e3o asf\u00e1ltica e a recupera\u00e7\u00e3o de vias.<\/p>\n\n\n\n<p>O investimento da primeira etapa das obras \u00e9 de R$ 314,9 milh\u00f5es, com interven\u00e7\u00f5es em 6,3 km (do Balne\u00e1rio Fl\u00f3rida ao Morro do Boi). O objetivo \u00e9 minimizar os impactos gerados pela combina\u00e7\u00e3o do desequil\u00edbrio de sedimentos, ocupa\u00e7\u00f5es mal planejadas e ressacas no Litoral. Essa combina\u00e7\u00e3o vem destruindo e comprometendo boa parte da infraestrutura urbana, tur\u00edstica e de lazer no munic\u00edpio.<\/p>\n\n\n\n<p>O cons\u00f3rcio vencedor da licita\u00e7\u00e3o vai promover a engorda da faixa de areia em at\u00e9 100 metros de largura. A empresa realizou, at\u00e9 o momento, a&nbsp;<a href=\"https:\/\/www.aen.pr.gov.br\/Noticia\/Montagem-da-tubulacao-da-dragagem-da-ritmo-para-obra-da-revitalizacao-da-orla-de-Matinhos\" target=\"_blank\" rel=\"noreferrer noopener\">mobiliza\u00e7\u00e3o de equipamentos<\/a>, iniciou a solda da tubula\u00e7\u00e3o para a dragagem, a constru\u00e7\u00e3o do viveiro para o cultivo da restinga, a instala\u00e7\u00e3o do canteiro central e das placas de seguran\u00e7a e das cercas de isolamento.<\/p>\n\n\n\n<p>Tamb\u00e9m iniciou o trabalho de\u00a0<a rel=\"noreferrer noopener\" href=\"https:\/\/www.aen.pr.gov.br\/Noticia\/Consorcio-das-obras-de-Matinhos-coleta-mudas-de-restinga-vegetacao-da-praia-sera-ampliada\" target=\"_blank\">coleta de material gen\u00e9tico da restinga na praia de Caiob\u00e1<\/a>\u00a0para serem cultivadas no viveiro em terreno cedido pela prefeitura, e o afugentamento da fauna local para um habitat seguro durante as interven\u00e7\u00f5es.<\/p>\n\n\n\n<p>AEN<\/p>\n","protected":false},"excerpt":{"rendered":"<p>Matinhos, no Litoral do Estado, recebe a partir desta ter\u00e7a-feira (10) novas prote\u00e7\u00f5es costeiras. As estruturas fazem parte da prepara\u00e7\u00e3o para a realiza\u00e7\u00e3o das obras de recupera\u00e7\u00e3o da praia, projeto do Instituto \u00c1gua e Terra (IAT), executado pelo Cons\u00f3rcio Sambaqui. A prote\u00e7\u00e3o costeira \u00e9 formada por formas t\u00eaxteis do tipo bolsa e do tipo colcha, [&hellip;]<\/p>\n","protected":false},"author":2,"featured_media":37564,"comment_status":"open","ping_status":"open","sticky":false,"template":"","format":"standard","meta":{"advanced_seo_description":"","jetpack_seo_html_title":"","jetpack_seo_noindex":false,"_jetpack_memberships_contains_paid_content":false,"footnotes":""},"categories":[40],"tags":[],"class_list":{"0":"post-37563","1":"post","2":"type-post","3":"status-publish","4":"format-standard","5":"has-post-thumbnail","7":"category-destaques"},"jetpack_featured_media_url":"https:\/\/www.paranapraia.com.br\/wp-content\/uploads\/2022\/05\/praia_040_0-scaled.jpg","jetpack_sharing_enabled":true,"_links":{"self":[{"href":"https:\/\/www.paranapraia.com.br\/index.php\/wp-json\/wp\/v2\/posts\/37563"}],"collection":[{"href":"https:\/\/www.paranapraia.com.br\/index.php\/wp-json\/wp\/v2\/posts"}],"about":[{"href":"https:\/\/www.paranapraia.com.br\/index.php\/wp-json\/wp\/v2\/types\/post"}],"author":[{"embeddable":true,"href":"https:\/\/www.paranapraia.com.br\/index.php\/wp-json\/wp\/v2\/users\/2"}],"replies":[{"embeddable":true,"href":"https:\/\/www.paranapraia.com.br\/index.php\/wp-json\/wp\/v2\/comments?post=37563"}],"version-history":[{"count":1,"href":"https:\/\/www.paranapraia.com.br\/index.php\/wp-json\/wp\/v2\/posts\/37563\/revisions"}],"predecessor-version":[{"id":37565,"href":"https:\/\/www.paranapraia.com.br\/index.php\/wp-json\/wp\/v2\/posts\/37563\/revisions\/37565"}],"wp:featuredmedia":[{"embeddable":true,"href":"https:\/\/www.paranapraia.com.br\/index.php\/wp-json\/wp\/v2\/media\/37564"}],"wp:attachment":[{"href":"https:\/\/www.paranapraia.com.br\/index.php\/wp-json\/wp\/v2\/media?parent=37563"}],"wp:term":[{"taxonomy":"category","embeddable":true,"href":"https:\/\/www.paranapraia.com.br\/index.php\/wp-json\/wp\/v2\/categories?post=37563"},{"taxonomy":"post_tag","embeddable":true,"href":"https:\/\/www.paranapraia.com.br\/index.php\/wp-json\/wp\/v2\/tags?post=37563"}],"curies":[{"name":"wp","href":"https:\/\/api.w.org\/{rel}","templated":true}]}}