{"id":37560,"date":"2022-05-09T14:38:08","date_gmt":"2022-05-09T17:38:08","guid":{"rendered":"https:\/\/www.paranapraia.com.br\/?p=37560"},"modified":"2022-05-09T14:38:10","modified_gmt":"2022-05-09T17:38:10","slug":"uninter-apresenta-curso-de-comunicacao-institucional-a-conselho-de-classe","status":"publish","type":"post","link":"https:\/\/www.paranapraia.com.br\/index.php\/2022\/05\/09\/uninter-apresenta-curso-de-comunicacao-institucional-a-conselho-de-classe\/","title":{"rendered":"Uninter apresenta curso de Comunica\u00e7\u00e3o Institucional a conselho de classe"},"content":{"rendered":"\n<p>O diretor da&nbsp;<strong>Escola Superior de Gest\u00e3o, Comunica\u00e7\u00e3o e Neg\u00f3cios<\/strong>, Elton Schneider, e o coordenador do curso de&nbsp;<strong><a href=\"https:\/\/www.uninter.com\/graduacao-ead\/tecnologia-em-comunicacao-institucional\/?utm_source=uninter-noticias&amp;utm_medium=referral\">Comunica\u00e7\u00e3o Institucional<\/a><\/strong>, Guilherme Carvalho, apresentaram a gradua\u00e7\u00e3o tecnol\u00f3gica a diretores do Conselho Federal de Profissionais de Rela\u00e7\u00f5es P\u00fablicas (Conferp). O conselho \u00e9 respons\u00e1vel pela regula\u00e7\u00e3o da profiss\u00e3o de Rela\u00e7\u00f5es P\u00fablicas no Brasil, e os membros presentes na reuni\u00e3o virtual de 6.abr.22 receberam com entusiasmo a nova oferta da&nbsp;<strong><a href=\"https:\/\/www.uninter.com\/?utm_source=uninter-noticias&amp;utm_medium=referral\">Uninter<\/a><\/strong>.<\/p>\n\n\n\n<p>Al\u00e9m de apresentar o curso aos diretores do conselho, o encontro teve como objetivo receber orienta\u00e7\u00f5es a respeito da inser\u00e7\u00e3o do curso no mercado de trabalho e no ensino superior e estreitar o contato com o \u00f3rg\u00e3o regulador da \u00e1rea.<\/p>\n\n\n\n<p>\u201cFicamos muito felizes de a institui\u00e7\u00e3o procurar o conselho\u201d, pontua o tesoureiro do Conferp e ex-presidente do conselho, Marcelo Tavares. O conte\u00fado e as propostas do curso apresentados pelos professores tamb\u00e9m abriram a possibilidade do reconhecimento de seus futuros egressos como profissionais an\u00e1logos aos de Rela\u00e7\u00f5es P\u00fablicas.<\/p>\n\n\n\n<p>Nos \u00faltimos anos, a medida vem sendo aplicada pelo Conferp a gradua\u00e7\u00f5es de forma\u00e7\u00e3o semelhante ao bacharelado em Rela\u00e7\u00f5es P\u00fablicas, de modo a atualizar a profiss\u00e3o \u00e0s novas demandas de mercado. A designa\u00e7\u00e3o do cargo e a cria\u00e7\u00e3o do conselho datam da d\u00e9cada de 1960.<\/p>\n\n\n\n<p>\u201cTemos aqui uma grande possibilidade, pela exposi\u00e7\u00e3o do curso, de que tenhamos condi\u00e7\u00f5es de futuramente reconhecer o curso de tecnologia em Comunica\u00e7\u00e3o Institucional da&nbsp;<a href=\"https:\/\/www.uninter.com\/?utm_source=uninter-noticias&amp;utm_medium=referral\">Uninter<\/a>&nbsp;como um curso an\u00e1logo \u00e0 profiss\u00e3o de rela\u00e7\u00f5es p\u00fablicas\u201d, ressalta Tavares.<\/p>\n\n\n\n<p>O resultado do encontro tamb\u00e9m foi satisfat\u00f3rio na avalia\u00e7\u00e3o de Carvalho. \u201cUm reconhecimento desse para o curso valoriza a proposta do que estamos ofertando. Ent\u00e3o, a tend\u00eancia \u00e9 um reconhecimento tamb\u00e9m do mercado, porque o conselho tem um papel importante na regulamenta\u00e7\u00e3o da profiss\u00e3o\u201d, declara.<\/p>\n\n\n\n<p><strong>Gradua\u00e7\u00e3o pr\u00e1tica e 100% em EAD<\/strong><\/p>\n\n\n\n<p>O curso de tecnologia em&nbsp;<a href=\"https:\/\/www.uninter.com\/graduacao-ead\/tecnologia-em-comunicacao-institucional\/?utm_source=uninter-noticias&amp;utm_medium=referral\">Comunica\u00e7\u00e3o Institucional<\/a>&nbsp;visa \u00e0 forma\u00e7\u00e3o de profissionais de comunica\u00e7\u00e3o para atuar em organiza\u00e7\u00f5es de todo tipo,&nbsp;que sejam&nbsp;capazes de planejarem a\u00e7\u00f5es em institui\u00e7\u00f5es e supervisionarem os processos de produ\u00e7\u00e3o na \u00e1rea. A gradua\u00e7\u00e3o tem dura\u00e7\u00e3o de dois anos e \u00e9 ofertada integralmente a dist\u00e2ncia, a qualquer regi\u00e3o do pa\u00eds.<\/p>\n\n\n\n<p>A grade do curso \u00e9 dividida em seis Unidades de Forma\u00e7\u00e3o de Compet\u00eancia (UFCs), segmentadas nos seguintes temas: comunica\u00e7\u00e3o, gest\u00e3o, marketing, p\u00fablicos, produ\u00e7\u00e3o e opera\u00e7\u00e3o. A natureza pr\u00e1tica da gradua\u00e7\u00e3o tecnol\u00f3gica inclui atividades extensionistas que permitem o contato direto com situa\u00e7\u00f5es e organiza\u00e7\u00f5es reais para o desenvolvimento de atividades e aplica\u00e7\u00e3o dos conhecimentos. Em cada uma das unidades, os alunos devem apresentar um trabalho realizado em uma organiza\u00e7\u00e3o para que se conhe\u00e7a, analise e proponha a\u00e7\u00f5es de comunica\u00e7\u00e3o pontuais ao caso.<\/p>\n\n\n\n<p>\u201cA concep\u00e7\u00e3o que temos na&nbsp;<a href=\"https:\/\/www.uninter.com\/?utm_source=uninter-noticias&amp;utm_medium=referral\">Uninter<\/a>&nbsp;para todos os cursos, especialmente de tecnologia, prev\u00ea a quest\u00e3o de certifica\u00e7\u00f5es intermedi\u00e1rias\u201d, destaca Schneider. \u201cS\u00e3o disciplinas correlatas em cima de um tema de estudo e com uma pr\u00e1tica aplicada.\u201d<\/p>\n\n\n\n<p>A primeira turma do curso foi aberta em fevereiro de 2022, mas a entrada de novos estudantes pode ser feita a qualquer momento. Todas as informa\u00e7\u00f5es podem ser conferidas neste&nbsp;<strong><a href=\"https:\/\/www.uninter.com\/graduacao-ead\/tecnologia-em-comunicacao-institucional\/?utm_source=uninter-noticias&amp;utm_medium=referral\">link<\/a><\/strong>.<\/p>\n\n\n\n<ul class=\"wp-block-list\"><li><em><\/em><\/li><li><em><\/em><\/li><li><em><\/em><\/li><li><em><\/em><\/li><\/ul>\n\n\n\n<p><small>Autor:\u00a0<\/small>Arthur Salles &#8211; Assistente de Comunica\u00e7\u00e3o Acad\u00eamica<\/p>\n\n\n\n<p><\/p>\n","protected":false},"excerpt":{"rendered":"<p>O diretor da&nbsp;Escola Superior de Gest\u00e3o, Comunica\u00e7\u00e3o e Neg\u00f3cios, Elton Schneider, e o coordenador do curso de&nbsp;Comunica\u00e7\u00e3o Institucional, Guilherme Carvalho, apresentaram a gradua\u00e7\u00e3o tecnol\u00f3gica a diretores do Conselho Federal de Profissionais de Rela\u00e7\u00f5es P\u00fablicas (Conferp). O conselho \u00e9 respons\u00e1vel pela regula\u00e7\u00e3o da profiss\u00e3o de Rela\u00e7\u00f5es P\u00fablicas no Brasil, e os membros presentes na reuni\u00e3o virtual [&hellip;]<\/p>\n","protected":false},"author":2,"featured_media":37561,"comment_status":"open","ping_status":"open","sticky":false,"template":"","format":"standard","meta":{"advanced_seo_description":"","jetpack_seo_html_title":"","jetpack_seo_noindex":false,"_jetpack_memberships_contains_paid_content":false,"footnotes":""},"categories":[40],"tags":[],"class_list":{"0":"post-37560","1":"post","2":"type-post","3":"status-publish","4":"format-standard","5":"has-post-thumbnail","7":"category-destaques"},"jetpack_featured_media_url":"https:\/\/www.paranapraia.com.br\/wp-content\/uploads\/2022\/05\/noticias_whatsapp-image-2022-05-05-at-19.45.11.jpeg","jetpack_sharing_enabled":true,"_links":{"self":[{"href":"https:\/\/www.paranapraia.com.br\/index.php\/wp-json\/wp\/v2\/posts\/37560"}],"collection":[{"href":"https:\/\/www.paranapraia.com.br\/index.php\/wp-json\/wp\/v2\/posts"}],"about":[{"href":"https:\/\/www.paranapraia.com.br\/index.php\/wp-json\/wp\/v2\/types\/post"}],"author":[{"embeddable":true,"href":"https:\/\/www.paranapraia.com.br\/index.php\/wp-json\/wp\/v2\/users\/2"}],"replies":[{"embeddable":true,"href":"https:\/\/www.paranapraia.com.br\/index.php\/wp-json\/wp\/v2\/comments?post=37560"}],"version-history":[{"count":1,"href":"https:\/\/www.paranapraia.com.br\/index.php\/wp-json\/wp\/v2\/posts\/37560\/revisions"}],"predecessor-version":[{"id":37562,"href":"https:\/\/www.paranapraia.com.br\/index.php\/wp-json\/wp\/v2\/posts\/37560\/revisions\/37562"}],"wp:featuredmedia":[{"embeddable":true,"href":"https:\/\/www.paranapraia.com.br\/index.php\/wp-json\/wp\/v2\/media\/37561"}],"wp:attachment":[{"href":"https:\/\/www.paranapraia.com.br\/index.php\/wp-json\/wp\/v2\/media?parent=37560"}],"wp:term":[{"taxonomy":"category","embeddable":true,"href":"https:\/\/www.paranapraia.com.br\/index.php\/wp-json\/wp\/v2\/categories?post=37560"},{"taxonomy":"post_tag","embeddable":true,"href":"https:\/\/www.paranapraia.com.br\/index.php\/wp-json\/wp\/v2\/tags?post=37560"}],"curies":[{"name":"wp","href":"https:\/\/api.w.org\/{rel}","templated":true}]}}