{"id":37554,"date":"2022-05-07T08:31:00","date_gmt":"2022-05-07T11:31:00","guid":{"rendered":"https:\/\/www.paranapraia.com.br\/?p=37554"},"modified":"2022-05-09T08:31:42","modified_gmt":"2022-05-09T11:31:42","slug":"uepg-inicia-o-ano-letivo-e-acolhida-de-1-609-calouros-nesta-segunda-feira","status":"publish","type":"post","link":"https:\/\/www.paranapraia.com.br\/index.php\/2022\/05\/07\/uepg-inicia-o-ano-letivo-e-acolhida-de-1-609-calouros-nesta-segunda-feira\/","title":{"rendered":"UEPG inicia o ano letivo e acolhida de 1.609 calouros nesta segunda-feira"},"content":{"rendered":"\n<p>A Universidade Estadual de Ponta Grossa inicia nesta segunda-feira (9) o ano letivo 2022. Para acolhida aos 1.609 calouros, ingressantes em 39 cursos da institui\u00e7\u00e3o, a Pr\u00f3-Reitoria de Assuntos Estudantis (Prae-UEPG), setores do conhecimento, atl\u00e9ticas e centros acad\u00eamicos organizaram atividades de integra\u00e7\u00e3o.<\/p>\n\n\n\n<p>De acordo com o&nbsp;cronograma de atividades, os cursos estar\u00e3o com agendas pr\u00f3prias, como visitas a laborat\u00f3rios, aos restaurantes universit\u00e1rios e a outras estruturas da universidade, enquanto a Prae far\u00e1 uma acolhida geral, nas unidades Uvaranas e Centro.&nbsp;A programa\u00e7\u00e3o \u00e9 diversificada e segue at\u00e9 sexta-feira (13).<\/p>\n\n\n\n<p>A pr\u00f3-reitora de Assuntos Estudantis (Prae-UEPG), Ione Jovino, lembra que foi desafiador, no ano passado, pensar um evento virtual para todos os cursos. \u201cAgora o grande desafio \u00e9 voltar a fazer um evento presencial, grandioso, depois de dois anos\u201d, disse.&nbsp;<\/p>\n\n\n\n<p>\u201cO ingresso dos novos estudantes na UEPG \u00e9 motivo de orgulho e felicidade para toda a comunidade universit\u00e1ria, para familiares e para cada um dos calouros que iniciam uma nova e importante fase de sua forma\u00e7\u00e3o intelectual e humana. Portanto, deve ser um momento de celebra\u00e7\u00e3o\u201d, acrescentou.<\/p>\n\n\n\n<p>No dia 9, o Setor de Ci\u00eancias Humanas, Letras e Artes (Secihla) promove o Bazar Liter\u00e1rio do Diret\u00f3rio Acad\u00eamico Concei\u00e7\u00e3o Evaristo (Dace), com livros \u00e0 venda a partir de R$ 0,10. Nos per\u00edodos da manh\u00e3, tarde e noite, a agenda dos cursos do Setor de Ci\u00eancias Biol\u00f3gicas e da Sa\u00fade (Sebisa) inclui a tradicional Cerim\u00f4nia do Jaleco.<\/p>\n\n\n\n<p>No dia 10, os veteranos do Curso de Jornalismo apresentam a R\u00e1dio Resist\u00eancia no p\u00e1tio do c\u00e2mpus Centro, em frente ao Dejor. No dia 11, o curso de Licenciatura em Ci\u00eancias Biol\u00f3gicas realiza uma visita ao Parque Estadual de Vila Velha.<\/p>\n\n\n\n<p>Na o dia 12 acontece o Trote Solid\u00e1rio, com revitaliza\u00e7\u00e3o do Bloco E. A atividade, promovida pelo&nbsp;Centro Acad\u00eamico de Engenharia Civil (Cavam),&nbsp;ser\u00e1 realizada pelos estudantes, com supervis\u00e3o dos professores do curso de Engenharia.<\/p>\n\n\n\n<p>A&nbsp;programa\u00e7\u00e3o do Setor Engenharias, Ci\u00eancias Agr\u00e1rias e Tecnologia (Secate) prev\u00ea para a sexta-feira uma visita dos cursos de Agronomia e Zootecnia \u00e0 Fazenda Escola (FESCON), onde os calouros v\u00e3o conhecer a estrutura e corpo t\u00e9cnico da Fazenda. \u00c0 tarde, est\u00e3o previstas atividades de revitaliza\u00e7\u00e3o da \u00e1rea ao redor da sede, pintura do cercado e manuten\u00e7\u00e3o da horta.<\/p>\n\n\n\n<p><strong>TROTES PROIBIDOS&nbsp;<\/strong>\u2013&nbsp;Durante a acolhida, a Prae promove a campanha \u201cTrote n\u00e3o \u00e9 legal\u201d, que alerta os estudantes sobre a proibi\u00e7\u00e3o de situa\u00e7\u00f5es f\u00edsicas ou virtuais de constrangimento ou viol\u00eancia. A Resolu\u00e7\u00e3o 23 do Conselho de Administra\u00e7\u00e3o define que \u201cqualquer ato de viol\u00eancia f\u00edsica ou moral praticado por qualquer estudante dentro de suas instala\u00e7\u00f5es (\u2026) ser\u00e1 considerando trote\u201d.<\/p>\n\n\n\n<p>Condutas dessa natureza colocam em risco a integridade f\u00edsica e moral dos acad\u00eamicos rec\u00e9m-ingressos na universidade. Portanto, ningu\u00e9m poder\u00e1 ser for\u00e7ado a participar de quaisquer atividades de trote, dentro ou fora da institui\u00e7\u00e3o.<\/p>\n\n\n\n<p>Trotes virtuais nas redes sociais, que promovam atitudes vexat\u00f3rias e de humilha\u00e7\u00e3o, trote presencial ou qualquer outra situa\u00e7\u00e3o similar devem ser informadas \u00e0 Pr\u00f3-Reitoria de Assuntos Estudantis pelo email canaldeescuta@uepg.br ou pelo telefone (42) 3200-3237.<\/p>\n\n\n\n<p>AEN<\/p>\n","protected":false},"excerpt":{"rendered":"<p>A Universidade Estadual de Ponta Grossa inicia nesta segunda-feira (9) o ano letivo 2022. Para acolhida aos 1.609 calouros, ingressantes em 39 cursos da institui\u00e7\u00e3o, a Pr\u00f3-Reitoria de Assuntos Estudantis (Prae-UEPG), setores do conhecimento, atl\u00e9ticas e centros acad\u00eamicos organizaram atividades de integra\u00e7\u00e3o. De acordo com o&nbsp;cronograma de atividades, os cursos estar\u00e3o com agendas pr\u00f3prias, como [&hellip;]<\/p>\n","protected":false},"author":2,"featured_media":37555,"comment_status":"open","ping_status":"open","sticky":false,"template":"","format":"standard","meta":{"advanced_seo_description":"","jetpack_seo_html_title":"","jetpack_seo_noindex":false,"_jetpack_memberships_contains_paid_content":false,"footnotes":""},"categories":[40],"tags":[],"class_list":{"0":"post-37554","1":"post","2":"type-post","3":"status-publish","4":"format-standard","5":"has-post-thumbnail","7":"category-destaques"},"jetpack_featured_media_url":"https:\/\/www.paranapraia.com.br\/wp-content\/uploads\/2022\/05\/mg_0049web-1620x1080-1.jpg","jetpack_sharing_enabled":true,"_links":{"self":[{"href":"https:\/\/www.paranapraia.com.br\/index.php\/wp-json\/wp\/v2\/posts\/37554"}],"collection":[{"href":"https:\/\/www.paranapraia.com.br\/index.php\/wp-json\/wp\/v2\/posts"}],"about":[{"href":"https:\/\/www.paranapraia.com.br\/index.php\/wp-json\/wp\/v2\/types\/post"}],"author":[{"embeddable":true,"href":"https:\/\/www.paranapraia.com.br\/index.php\/wp-json\/wp\/v2\/users\/2"}],"replies":[{"embeddable":true,"href":"https:\/\/www.paranapraia.com.br\/index.php\/wp-json\/wp\/v2\/comments?post=37554"}],"version-history":[{"count":1,"href":"https:\/\/www.paranapraia.com.br\/index.php\/wp-json\/wp\/v2\/posts\/37554\/revisions"}],"predecessor-version":[{"id":37556,"href":"https:\/\/www.paranapraia.com.br\/index.php\/wp-json\/wp\/v2\/posts\/37554\/revisions\/37556"}],"wp:featuredmedia":[{"embeddable":true,"href":"https:\/\/www.paranapraia.com.br\/index.php\/wp-json\/wp\/v2\/media\/37555"}],"wp:attachment":[{"href":"https:\/\/www.paranapraia.com.br\/index.php\/wp-json\/wp\/v2\/media?parent=37554"}],"wp:term":[{"taxonomy":"category","embeddable":true,"href":"https:\/\/www.paranapraia.com.br\/index.php\/wp-json\/wp\/v2\/categories?post=37554"},{"taxonomy":"post_tag","embeddable":true,"href":"https:\/\/www.paranapraia.com.br\/index.php\/wp-json\/wp\/v2\/tags?post=37554"}],"curies":[{"name":"wp","href":"https:\/\/api.w.org\/{rel}","templated":true}]}}