{"id":37551,"date":"2022-05-08T08:28:00","date_gmt":"2022-05-08T11:28:00","guid":{"rendered":"https:\/\/www.paranapraia.com.br\/?p=37551"},"modified":"2022-05-09T08:29:54","modified_gmt":"2022-05-09T11:29:54","slug":"concerto-da-orquestra-sinfonica-do-parana-teve-homenagem-as-maes-neste-domingo","status":"publish","type":"post","link":"https:\/\/www.paranapraia.com.br\/index.php\/2022\/05\/08\/concerto-da-orquestra-sinfonica-do-parana-teve-homenagem-as-maes-neste-domingo\/","title":{"rendered":"Concerto da Orquestra Sinf\u00f4nica do Paran\u00e1 teve homenagem \u00e0s m\u00e3es neste domingo"},"content":{"rendered":"\n<p>Sob a reg\u00eancia do maestro convidado Cl\u00e1udio Cruz, a Orquestra Sinf\u00f4nica do Paran\u00e1 ofereceu um Dia das M\u00e3es inesquec\u00edvel para um Teatro Gua\u00edra quase lotado neste domingo (8).&nbsp;<\/p>\n\n\n\n<p>O programa da manh\u00e3 reuniu m\u00fasicas conhecidas do maior compositor brasileiro: Heitor Villa-Lobos. No repert\u00f3rio, as &#8220;Bachianas Brasileiras n\u00ba 4&#8221; e &#8220;n\u00ba 5&#8221;, parte da s\u00e9rie de sinfonias brasileiras mais famosas ao redor do mundo.<\/p>\n\n\n\n<p>Em seguida, &#8220;Floresta do Amazonas&#8221;, m\u00fasica composta para o filme &#8220;A Flor que N\u00e3o Morreu&#8221;,&nbsp;estrelado por Audrey Hepburn e Anthony Perkins.&nbsp;Ap\u00f3s o lan\u00e7amento do filme, Villa-Lobos decidiu reescrever a m\u00fasica em formato de su\u00edte sinf\u00f4nica para encontrar as grandes orquestras.<\/p>\n\n\n\n<p>&#8220;Floresta do Amazonas&#8221; re\u00fane duas m\u00fasicas imortalizadas na cultura popular brasileira: &#8220;Melodia Sentimental&#8221; e &#8220;Can\u00e7\u00e3o do Amor&#8221;.<\/p>\n\n\n\n<p>No concerto especial de Dia das M\u00e3es, ambas foram apresentadas na voz de Rosana Lamosa, soprano convidada.&nbsp;Ela \u00e9 uma das cantoras l\u00edricas mais reconhecidas do Brasil. J\u00e1 protagonizou a estreia de grandes \u00f3peras, como &#8220;Magdalena&#8221; (Villa-Lobos), &#8220;A Tempestade&#8221; (Ronaldo Miranda) e &#8220;Alma&#8221; (Claudio Santoro).<\/p>\n\n\n\n<p>A soprano tamb\u00e9m foi uma das convidadas a se apresentar em uma das visitas do papa Jo\u00e3o Paulo II ao Brasil.<\/p>\n\n\n\n<p>Al\u00e9m de boa m\u00fasica, o concerto contou com uma homenagem especial \u00e0s m\u00e3es e \u00e0 coordenadora da Orquestra, Shirley Concei\u00e7\u00e3o. A apresenta\u00e7\u00e3o foi finalizada com um bis especial com a can\u00e7\u00e3o &#8220;Quem Sabe&#8221;, de Carlos Gomes.<\/p>\n\n\n\n<p>AEN<\/p>\n","protected":false},"excerpt":{"rendered":"<p>Sob a reg\u00eancia do maestro convidado Cl\u00e1udio Cruz, a Orquestra Sinf\u00f4nica do Paran\u00e1 ofereceu um Dia das M\u00e3es inesquec\u00edvel para um Teatro Gua\u00edra quase lotado neste domingo (8).&nbsp; O programa da manh\u00e3 reuniu m\u00fasicas conhecidas do maior compositor brasileiro: Heitor Villa-Lobos. No repert\u00f3rio, as &#8220;Bachianas Brasileiras n\u00ba 4&#8221; e &#8220;n\u00ba 5&#8221;, parte da s\u00e9rie de [&hellip;]<\/p>\n","protected":false},"author":2,"featured_media":37552,"comment_status":"open","ping_status":"open","sticky":false,"template":"","format":"standard","meta":{"advanced_seo_description":"","jetpack_seo_html_title":"","jetpack_seo_noindex":false,"_jetpack_memberships_contains_paid_content":false,"footnotes":""},"categories":[40],"tags":[],"class_list":{"0":"post-37551","1":"post","2":"type-post","3":"status-publish","4":"format-standard","5":"has-post-thumbnail","7":"category-destaques"},"jetpack_featured_media_url":"https:\/\/www.paranapraia.com.br\/wp-content\/uploads\/2022\/05\/fot1.jpg","jetpack_sharing_enabled":true,"_links":{"self":[{"href":"https:\/\/www.paranapraia.com.br\/index.php\/wp-json\/wp\/v2\/posts\/37551"}],"collection":[{"href":"https:\/\/www.paranapraia.com.br\/index.php\/wp-json\/wp\/v2\/posts"}],"about":[{"href":"https:\/\/www.paranapraia.com.br\/index.php\/wp-json\/wp\/v2\/types\/post"}],"author":[{"embeddable":true,"href":"https:\/\/www.paranapraia.com.br\/index.php\/wp-json\/wp\/v2\/users\/2"}],"replies":[{"embeddable":true,"href":"https:\/\/www.paranapraia.com.br\/index.php\/wp-json\/wp\/v2\/comments?post=37551"}],"version-history":[{"count":1,"href":"https:\/\/www.paranapraia.com.br\/index.php\/wp-json\/wp\/v2\/posts\/37551\/revisions"}],"predecessor-version":[{"id":37553,"href":"https:\/\/www.paranapraia.com.br\/index.php\/wp-json\/wp\/v2\/posts\/37551\/revisions\/37553"}],"wp:featuredmedia":[{"embeddable":true,"href":"https:\/\/www.paranapraia.com.br\/index.php\/wp-json\/wp\/v2\/media\/37552"}],"wp:attachment":[{"href":"https:\/\/www.paranapraia.com.br\/index.php\/wp-json\/wp\/v2\/media?parent=37551"}],"wp:term":[{"taxonomy":"category","embeddable":true,"href":"https:\/\/www.paranapraia.com.br\/index.php\/wp-json\/wp\/v2\/categories?post=37551"},{"taxonomy":"post_tag","embeddable":true,"href":"https:\/\/www.paranapraia.com.br\/index.php\/wp-json\/wp\/v2\/tags?post=37551"}],"curies":[{"name":"wp","href":"https:\/\/api.w.org\/{rel}","templated":true}]}}