{"id":37533,"date":"2022-05-06T11:40:42","date_gmt":"2022-05-06T14:40:42","guid":{"rendered":"https:\/\/www.paranapraia.com.br\/?p=37533"},"modified":"2022-05-06T11:40:43","modified_gmt":"2022-05-06T14:40:43","slug":"casa-da-cultura-de-pontal-do-parana-recebe-estudantes-para-cultivar-os-conhecimentos-caicaras","status":"publish","type":"post","link":"https:\/\/www.paranapraia.com.br\/index.php\/2022\/05\/06\/casa-da-cultura-de-pontal-do-parana-recebe-estudantes-para-cultivar-os-conhecimentos-caicaras\/","title":{"rendered":"Casa da Cultura de Pontal do Paran\u00e1 recebe estudantes para cultivar os conhecimentos cai\u00e7aras"},"content":{"rendered":"\n<p>Ontem (04\/05\/22) duas turmas do 1\u00b0 ano do ensino m\u00e9dio do Col\u00e9gio Paulo Freire de Praia de Leste estiveram na Casa da Cultura do munic\u00edpio, que fica no balne\u00e1rio Primavera, acompanhadas das professoras Fernanda P. Karkow e Sinuh\u00ea Kern para conhecer mais sobre a gastronomia e a cultura cai\u00e7ara. O Secret\u00e1rio de Esportes, Cultura, Lazer e Juventude, Jo\u00e3o Carlos Marcon, falou sobre a proposta para a casa da Mem\u00f3ria e conversou com os estudantes.<\/p>\n\n\n\n<p>A  diretora de Cultura Fernanda Persegona recebeu as turmas que ficaram encantadas com a biblioteca exposta e os v\u00eddeos apresentados: \u201cN\u00f3s mostramos a gastronomia cai\u00e7ara e algumas quest\u00f5es culturais. Todas as escolas estaduais poderiam fazer o mesmo com suas turmas, para difundir nossa cultura. A maioria dos adolescentes n\u00e3o conheciam o tamanco de fandango, as cestarias ind\u00edgenas, as panelas de barro, a emancipa\u00e7\u00e3o do munic\u00edpio e muitos outros elementos da cultura local.Passamos v\u00eddeos dos mun\u00edcipes mais velhos falando, como a Dna. Concei\u00e7\u00e3o Vieira Ramos do Guaragua\u00e7u, ensinando a fazer a Cambira&#8221;.<\/p>\n\n\n\n<figure class=\"wp-block-image size-large\"><img loading=\"lazy\" decoding=\"async\" width=\"1024\" height=\"768\" src=\"https:\/\/www.paranapraia.com.br\/wp-content\/uploads\/2022\/05\/279425666_1860735114123967_1478953945031781361_n-1024x768.jpg\" alt=\"\" class=\"wp-image-37534\" srcset=\"https:\/\/www.paranapraia.com.br\/wp-content\/uploads\/2022\/05\/279425666_1860735114123967_1478953945031781361_n-1024x768.jpg 1024w, https:\/\/www.paranapraia.com.br\/wp-content\/uploads\/2022\/05\/279425666_1860735114123967_1478953945031781361_n-300x225.jpg 300w, https:\/\/www.paranapraia.com.br\/wp-content\/uploads\/2022\/05\/279425666_1860735114123967_1478953945031781361_n-768x576.jpg 768w, https:\/\/www.paranapraia.com.br\/wp-content\/uploads\/2022\/05\/279425666_1860735114123967_1478953945031781361_n-1536x1152.jpg 1536w, https:\/\/www.paranapraia.com.br\/wp-content\/uploads\/2022\/05\/279425666_1860735114123967_1478953945031781361_n-80x60.jpg 80w, https:\/\/www.paranapraia.com.br\/wp-content\/uploads\/2022\/05\/279425666_1860735114123967_1478953945031781361_n-265x198.jpg 265w, https:\/\/www.paranapraia.com.br\/wp-content\/uploads\/2022\/05\/279425666_1860735114123967_1478953945031781361_n-696x522.jpg 696w, https:\/\/www.paranapraia.com.br\/wp-content\/uploads\/2022\/05\/279425666_1860735114123967_1478953945031781361_n-1068x801.jpg 1068w, https:\/\/www.paranapraia.com.br\/wp-content\/uploads\/2022\/05\/279425666_1860735114123967_1478953945031781361_n-560x420.jpg 560w, https:\/\/www.paranapraia.com.br\/wp-content\/uploads\/2022\/05\/279425666_1860735114123967_1478953945031781361_n.jpg 1600w\" sizes=\"(max-width: 1024px) 100vw, 1024px\" \/><\/figure>\n\n\n\n<p>Abordamos v\u00e1rios assuntos, at\u00e9 do arquivo p\u00fablico municipal, de sua import\u00e2ncia e da cria\u00e7\u00e3o da lei no ano passado pelo prefeito. E do trabalho do historiador Ivan Rebuli, que est\u00e1 fazendo todo resgate hist\u00f3rico de alguns artefatos que ter\u00e3o informa\u00e7\u00f5es compiladas e posteriormente ser\u00e1 disponibilizado em uma plataforma digital atrav\u00e9s de uma parceria com a Secretaria de Cultura do Estado do Paran\u00e1 e os museus do Paran\u00e1. Temos que divulgar a import\u00e2ncia da Casa da Cultura e d\u00e1 cultura como um todo no nosso munic\u00edpio, para que todos tenham um contato maior\u201d.<\/p>\n\n\n\n<p>Assessoria<\/p>\n","protected":false},"excerpt":{"rendered":"<p>Ontem (04\/05\/22) duas turmas do 1\u00b0 ano do ensino m\u00e9dio do Col\u00e9gio Paulo Freire de Praia de Leste estiveram na Casa da Cultura do munic\u00edpio, que fica no balne\u00e1rio Primavera, acompanhadas das professoras Fernanda P. Karkow e Sinuh\u00ea Kern para conhecer mais sobre a gastronomia e a cultura cai\u00e7ara. O Secret\u00e1rio de Esportes, Cultura, Lazer [&hellip;]<\/p>\n","protected":false},"author":2,"featured_media":37535,"comment_status":"open","ping_status":"open","sticky":false,"template":"","format":"standard","meta":{"advanced_seo_description":"","jetpack_seo_html_title":"","jetpack_seo_noindex":false,"_jetpack_memberships_contains_paid_content":false,"footnotes":""},"categories":[65],"tags":[],"class_list":{"0":"post-37533","1":"post","2":"type-post","3":"status-publish","4":"format-standard","5":"has-post-thumbnail","7":"category-pontal-do-parana"},"jetpack_featured_media_url":"https:\/\/www.paranapraia.com.br\/wp-content\/uploads\/2022\/05\/279518826_1860734990790646_7705226655051621461_n.jpg","jetpack_sharing_enabled":true,"_links":{"self":[{"href":"https:\/\/www.paranapraia.com.br\/index.php\/wp-json\/wp\/v2\/posts\/37533"}],"collection":[{"href":"https:\/\/www.paranapraia.com.br\/index.php\/wp-json\/wp\/v2\/posts"}],"about":[{"href":"https:\/\/www.paranapraia.com.br\/index.php\/wp-json\/wp\/v2\/types\/post"}],"author":[{"embeddable":true,"href":"https:\/\/www.paranapraia.com.br\/index.php\/wp-json\/wp\/v2\/users\/2"}],"replies":[{"embeddable":true,"href":"https:\/\/www.paranapraia.com.br\/index.php\/wp-json\/wp\/v2\/comments?post=37533"}],"version-history":[{"count":1,"href":"https:\/\/www.paranapraia.com.br\/index.php\/wp-json\/wp\/v2\/posts\/37533\/revisions"}],"predecessor-version":[{"id":37536,"href":"https:\/\/www.paranapraia.com.br\/index.php\/wp-json\/wp\/v2\/posts\/37533\/revisions\/37536"}],"wp:featuredmedia":[{"embeddable":true,"href":"https:\/\/www.paranapraia.com.br\/index.php\/wp-json\/wp\/v2\/media\/37535"}],"wp:attachment":[{"href":"https:\/\/www.paranapraia.com.br\/index.php\/wp-json\/wp\/v2\/media?parent=37533"}],"wp:term":[{"taxonomy":"category","embeddable":true,"href":"https:\/\/www.paranapraia.com.br\/index.php\/wp-json\/wp\/v2\/categories?post=37533"},{"taxonomy":"post_tag","embeddable":true,"href":"https:\/\/www.paranapraia.com.br\/index.php\/wp-json\/wp\/v2\/tags?post=37533"}],"curies":[{"name":"wp","href":"https:\/\/api.w.org\/{rel}","templated":true}]}}