{"id":37530,"date":"2022-05-06T11:35:36","date_gmt":"2022-05-06T14:35:36","guid":{"rendered":"https:\/\/www.paranapraia.com.br\/?p=37530"},"modified":"2022-05-06T11:35:37","modified_gmt":"2022-05-06T14:35:37","slug":"prefeitura-e-sanepar-sao-parceiras-em-programa-social","status":"publish","type":"post","link":"https:\/\/www.paranapraia.com.br\/index.php\/2022\/05\/06\/prefeitura-e-sanepar-sao-parceiras-em-programa-social\/","title":{"rendered":"Prefeitura e Sanepar s\u00e3o parceiras em programa social"},"content":{"rendered":"\n<p>A Prefeitura de Matinhos, por meio da Secretaria Municipal de Assist\u00eancia Social (Cras Mangue Seco, Cras Albatroz e sede da Assist\u00eancia Social, no Centro), est\u00e1 em parceria com a Sanepar no Programa \u00c1gua Solid\u00e1ria. <\/p>\n\n\n\n<p>Para se cadastrar no programa, \u00e9 necess\u00e1rio apresentar ou enviar a documenta\u00e7\u00e3o e comprova\u00e7\u00e3o dos seguintes crit\u00e9rios:Im\u00f3vel residencial com \u00e1rea constru\u00edda de at\u00e9 70 m\u00b2;Renda da fam\u00edlia residente no im\u00f3vel de at\u00e9 dois sal\u00e1rios m\u00ednimos (federal) para im\u00f3veis com at\u00e9 quatro ocupantes ou de meio sal\u00e1rio m\u00ednimo por pessoa;Consumo mensal de \u00e1gua de at\u00e9 10 m\u00b2\/m\u00eas ou de at\u00e9 2,5 m\u00b2\/m\u00eas por pessoa.<\/p>\n\n\n\n<p>A documenta\u00e7\u00e3o exigida para o cadastro \u00e9 a seguinte:Conta da Sanepar;IPTU atual do im\u00f3vel, documento de autoriza\u00e7\u00e3o da prefeitura ou de autoridade superior;RG ou Certid\u00e3o de Nascimento (para menores de 18 anos);CPF;Carteira de Trabalho e \u00faltimo contracheque ou extrato do INSS (para aposentados) do \u00faltimo sal\u00e1rio ou extrato do \u00faltimo valor pago de benef\u00edcio social (federal, estadual ou municipal).O benef\u00edcio \u00e9 v\u00e1lido por dois anos. <\/p>\n\n\n\n<p>Em fun\u00e7\u00e3o de requisitos administrativos e\/ou legais, a Sanepar poder\u00e1 solicitar documentos adicionais n\u00e3o contemplados neste informativo.<\/p>\n\n\n\n<p>Com informa\u00e7\u00f5es da Sanepar<\/p>\n\n\n\n<p>Departamento de Comunica\u00e7\u00e3o<\/p>\n","protected":false},"excerpt":{"rendered":"<p>A Prefeitura de Matinhos, por meio da Secretaria Municipal de Assist\u00eancia Social (Cras Mangue Seco, Cras Albatroz e sede da Assist\u00eancia Social, no Centro), est\u00e1 em parceria com a Sanepar no Programa \u00c1gua Solid\u00e1ria. Para se cadastrar no programa, \u00e9 necess\u00e1rio apresentar ou enviar a documenta\u00e7\u00e3o e comprova\u00e7\u00e3o dos seguintes crit\u00e9rios:Im\u00f3vel residencial com \u00e1rea constru\u00edda [&hellip;]<\/p>\n","protected":false},"author":2,"featured_media":37531,"comment_status":"open","ping_status":"open","sticky":false,"template":"","format":"standard","meta":{"advanced_seo_description":"","jetpack_seo_html_title":"","jetpack_seo_noindex":false,"_jetpack_memberships_contains_paid_content":false,"footnotes":""},"categories":[88],"tags":[],"class_list":{"0":"post-37530","1":"post","2":"type-post","3":"status-publish","4":"format-standard","5":"has-post-thumbnail","7":"category-matinhos"},"jetpack_featured_media_url":"https:\/\/www.paranapraia.com.br\/wp-content\/uploads\/2022\/05\/279804575_1703998763276024_4895347552205224916_n.jpg","jetpack_sharing_enabled":true,"_links":{"self":[{"href":"https:\/\/www.paranapraia.com.br\/index.php\/wp-json\/wp\/v2\/posts\/37530"}],"collection":[{"href":"https:\/\/www.paranapraia.com.br\/index.php\/wp-json\/wp\/v2\/posts"}],"about":[{"href":"https:\/\/www.paranapraia.com.br\/index.php\/wp-json\/wp\/v2\/types\/post"}],"author":[{"embeddable":true,"href":"https:\/\/www.paranapraia.com.br\/index.php\/wp-json\/wp\/v2\/users\/2"}],"replies":[{"embeddable":true,"href":"https:\/\/www.paranapraia.com.br\/index.php\/wp-json\/wp\/v2\/comments?post=37530"}],"version-history":[{"count":1,"href":"https:\/\/www.paranapraia.com.br\/index.php\/wp-json\/wp\/v2\/posts\/37530\/revisions"}],"predecessor-version":[{"id":37532,"href":"https:\/\/www.paranapraia.com.br\/index.php\/wp-json\/wp\/v2\/posts\/37530\/revisions\/37532"}],"wp:featuredmedia":[{"embeddable":true,"href":"https:\/\/www.paranapraia.com.br\/index.php\/wp-json\/wp\/v2\/media\/37531"}],"wp:attachment":[{"href":"https:\/\/www.paranapraia.com.br\/index.php\/wp-json\/wp\/v2\/media?parent=37530"}],"wp:term":[{"taxonomy":"category","embeddable":true,"href":"https:\/\/www.paranapraia.com.br\/index.php\/wp-json\/wp\/v2\/categories?post=37530"},{"taxonomy":"post_tag","embeddable":true,"href":"https:\/\/www.paranapraia.com.br\/index.php\/wp-json\/wp\/v2\/tags?post=37530"}],"curies":[{"name":"wp","href":"https:\/\/api.w.org\/{rel}","templated":true}]}}