{"id":37527,"date":"2022-05-06T09:57:25","date_gmt":"2022-05-06T12:57:25","guid":{"rendered":"https:\/\/www.paranapraia.com.br\/?p=37527"},"modified":"2022-05-06T09:57:25","modified_gmt":"2022-05-06T12:57:25","slug":"secretaria-de-saude-de-matinhos-promove-segunda-etapa-da-vacinacao-contra-influenza-sarampo-e-covid-19","status":"publish","type":"post","link":"https:\/\/www.paranapraia.com.br\/index.php\/2022\/05\/06\/secretaria-de-saude-de-matinhos-promove-segunda-etapa-da-vacinacao-contra-influenza-sarampo-e-covid-19\/","title":{"rendered":"Secretaria de Sa\u00fade de Matinhos promove segunda etapa da vacina\u00e7\u00e3o contra influenza, sarampo e covid-19"},"content":{"rendered":"\n<p>A Secretaria da Sa\u00fade informa a todos que est\u00e1 acontecendo a segunda etapa de vacina\u00e7\u00e3o contra a gripe (influenza) e sarampo, que iniciou no dia 03\/05 e vai at\u00e9 03\/06 em TODOS os postos de sa\u00fade do munic\u00edpio, das 08h at\u00e9 \u00e0s 17h.<\/p>\n\n\n\n<p> Procure um postinho mais pr\u00f3ximo a sua casa e n\u00e3o se esque\u00e7a de levar a caderneta!Veja abaixo os grupos priorit\u00e1rios que podem receber a vacina nesta segunda etapa:VACINA\u00c7\u00c3O DA GRIPE (INFLUENZA)- Crian\u00e7as com 6 meses a 4 anos, 11 meses e 29 dias;- Gestantes e Pu\u00e9rperas;- Professores;- Pessoas com comorbidades;- Pessoas com defici\u00eancia;- Caminhoneiros e trabalhadores de transporte coletivo rodovi\u00e1rio;- For\u00e7as de seguran\u00e7a e salvamento.VACINA\u00c7\u00c3O CONTRA SARAMPO- Crian\u00e7as 6 meses a 4 anos, 11meses e 29 dias;- Trabalhadores da sa\u00fade.VACINA\u00c7\u00c3O DA COVID-19PRIMEIRA E SEGUNDA DOSE- Crian\u00e7as com 5 a 11 anos;*- Adolescentes (12 a 17 anos);- Maiores de 18 anos;- Idosos a partir de 60 anosATEN\u00c7\u00c3O:INTERVALO ENTRE PRIMEIRA E SEGUNDA DOSE:CORONAVAC \u2013 25 DIASASTRAZENECA \u2013 56 DIASPFIZER \u2013 21 DIASDOSE DE REFOR\u00c7O (3\u00aa DOSE)*- Maiores de 18 anos- Idosos a partir de 60 anos.* Respeitando o intervalo de 4 meses (120 dias) entre a segunda e terceira dose.DOSE ADICIONAL DE REFOR\u00c7O (4\u00aa DOSE)- Idosos com 70 anos ou mais \u2013 respeitando o intervalo de 4 meses (120 dias) entre a terceira e quarta dose.<\/p>\n\n\n\n<p>*ATEN\u00c7\u00c3O! A vacina\u00e7\u00e3o de crian\u00e7as de 5 a 11 anos est\u00e1 dispon\u00edvel apenas na UBS DO CENTRO das 14h \u00e0s 17h de segunda a sexta.<\/p>\n\n\n\n<p>Assessoria<\/p>\n","protected":false},"excerpt":{"rendered":"<p>A Secretaria da Sa\u00fade informa a todos que est\u00e1 acontecendo a segunda etapa de vacina\u00e7\u00e3o contra a gripe (influenza) e sarampo, que iniciou no dia 03\/05 e vai at\u00e9 03\/06 em TODOS os postos de sa\u00fade do munic\u00edpio, das 08h at\u00e9 \u00e0s 17h. Procure um postinho mais pr\u00f3ximo a sua casa e n\u00e3o se esque\u00e7a [&hellip;]<\/p>\n","protected":false},"author":2,"featured_media":37528,"comment_status":"open","ping_status":"open","sticky":false,"template":"","format":"standard","meta":{"advanced_seo_description":"","jetpack_seo_html_title":"","jetpack_seo_noindex":false,"_jetpack_memberships_contains_paid_content":false,"footnotes":""},"categories":[88],"tags":[],"class_list":{"0":"post-37527","1":"post","2":"type-post","3":"status-publish","4":"format-standard","5":"has-post-thumbnail","7":"category-matinhos"},"jetpack_featured_media_url":"https:\/\/www.paranapraia.com.br\/wp-content\/uploads\/2022\/05\/280039366_294817176172022_187795544617813155_n.jpg","jetpack_sharing_enabled":true,"_links":{"self":[{"href":"https:\/\/www.paranapraia.com.br\/index.php\/wp-json\/wp\/v2\/posts\/37527"}],"collection":[{"href":"https:\/\/www.paranapraia.com.br\/index.php\/wp-json\/wp\/v2\/posts"}],"about":[{"href":"https:\/\/www.paranapraia.com.br\/index.php\/wp-json\/wp\/v2\/types\/post"}],"author":[{"embeddable":true,"href":"https:\/\/www.paranapraia.com.br\/index.php\/wp-json\/wp\/v2\/users\/2"}],"replies":[{"embeddable":true,"href":"https:\/\/www.paranapraia.com.br\/index.php\/wp-json\/wp\/v2\/comments?post=37527"}],"version-history":[{"count":1,"href":"https:\/\/www.paranapraia.com.br\/index.php\/wp-json\/wp\/v2\/posts\/37527\/revisions"}],"predecessor-version":[{"id":37529,"href":"https:\/\/www.paranapraia.com.br\/index.php\/wp-json\/wp\/v2\/posts\/37527\/revisions\/37529"}],"wp:featuredmedia":[{"embeddable":true,"href":"https:\/\/www.paranapraia.com.br\/index.php\/wp-json\/wp\/v2\/media\/37528"}],"wp:attachment":[{"href":"https:\/\/www.paranapraia.com.br\/index.php\/wp-json\/wp\/v2\/media?parent=37527"}],"wp:term":[{"taxonomy":"category","embeddable":true,"href":"https:\/\/www.paranapraia.com.br\/index.php\/wp-json\/wp\/v2\/categories?post=37527"},{"taxonomy":"post_tag","embeddable":true,"href":"https:\/\/www.paranapraia.com.br\/index.php\/wp-json\/wp\/v2\/tags?post=37527"}],"curies":[{"name":"wp","href":"https:\/\/api.w.org\/{rel}","templated":true}]}}