{"id":3710,"date":"2019-03-31T09:42:19","date_gmt":"2019-03-31T12:42:19","guid":{"rendered":"https:\/\/www.paranapraia.com.br\/?p=3710"},"modified":"2019-03-31T09:42:20","modified_gmt":"2019-03-31T12:42:20","slug":"moradores-ouvem-tiros-e-rapaz-e-encontrado-morto-em-campina-grande-do-sul","status":"publish","type":"post","link":"https:\/\/www.paranapraia.com.br\/index.php\/2019\/03\/31\/moradores-ouvem-tiros-e-rapaz-e-encontrado-morto-em-campina-grande-do-sul\/","title":{"rendered":"Moradores ouvem tiros e rapaz \u00e9 encontrado morto em Campina Grande do Sul"},"content":{"rendered":"\n<p>Um rapaz identificado por M\u00e1rcio Niepsui, 31 anos, foi encontrado morto na manh\u00e3 deste domingo (31) no Jardim Ceccon em Campina Grande do Sul, na regi\u00e3o metropolitana de Curitiba.<\/p>\n\n\n\n<p>O corpo foi encontrado com um disparo na cabe\u00e7a na cal\u00e7ada na Rua Dulc\u00eddio Fortunato Coradin esquina com Rua Caetano Ruzenente. Ao lado do corpo havia um refrigerante aberto e um sandu\u00edche.&nbsp;<\/p>\n\n\n\n<p>O corpo de M\u00e1rcio foi encaminhado ao Instituto M\u00e9dico Legal de Curitiba. A Delegacia de Campina Grande do Sul deve investigar o caso.<\/p>\n\n\n\n<p>Massa News<\/p>\n","protected":false},"excerpt":{"rendered":"<p>Um rapaz identificado por M\u00e1rcio Niepsui, 31 anos, foi encontrado morto na manh\u00e3 deste domingo (31) no Jardim Ceccon em Campina Grande do Sul, na regi\u00e3o metropolitana de Curitiba. O corpo foi encontrado com um disparo na cabe\u00e7a na cal\u00e7ada na Rua Dulc\u00eddio Fortunato Coradin esquina com Rua Caetano Ruzenente. Ao lado do corpo havia [&hellip;]<\/p>\n","protected":false},"author":2,"featured_media":3711,"comment_status":"open","ping_status":"open","sticky":false,"template":"","format":"standard","meta":{"advanced_seo_description":"","jetpack_seo_html_title":"","jetpack_seo_noindex":false,"_jetpack_memberships_contains_paid_content":false,"footnotes":""},"categories":[33],"tags":[],"class_list":{"0":"post-3710","1":"post","2":"type-post","3":"status-publish","4":"format-standard","5":"has-post-thumbnail","7":"category-policia"},"jetpack_featured_media_url":"https:\/\/www.paranapraia.com.br\/wp-content\/uploads\/2019\/03\/poll.jpg","jetpack_sharing_enabled":true,"_links":{"self":[{"href":"https:\/\/www.paranapraia.com.br\/index.php\/wp-json\/wp\/v2\/posts\/3710"}],"collection":[{"href":"https:\/\/www.paranapraia.com.br\/index.php\/wp-json\/wp\/v2\/posts"}],"about":[{"href":"https:\/\/www.paranapraia.com.br\/index.php\/wp-json\/wp\/v2\/types\/post"}],"author":[{"embeddable":true,"href":"https:\/\/www.paranapraia.com.br\/index.php\/wp-json\/wp\/v2\/users\/2"}],"replies":[{"embeddable":true,"href":"https:\/\/www.paranapraia.com.br\/index.php\/wp-json\/wp\/v2\/comments?post=3710"}],"version-history":[{"count":1,"href":"https:\/\/www.paranapraia.com.br\/index.php\/wp-json\/wp\/v2\/posts\/3710\/revisions"}],"predecessor-version":[{"id":3712,"href":"https:\/\/www.paranapraia.com.br\/index.php\/wp-json\/wp\/v2\/posts\/3710\/revisions\/3712"}],"wp:featuredmedia":[{"embeddable":true,"href":"https:\/\/www.paranapraia.com.br\/index.php\/wp-json\/wp\/v2\/media\/3711"}],"wp:attachment":[{"href":"https:\/\/www.paranapraia.com.br\/index.php\/wp-json\/wp\/v2\/media?parent=3710"}],"wp:term":[{"taxonomy":"category","embeddable":true,"href":"https:\/\/www.paranapraia.com.br\/index.php\/wp-json\/wp\/v2\/categories?post=3710"},{"taxonomy":"post_tag","embeddable":true,"href":"https:\/\/www.paranapraia.com.br\/index.php\/wp-json\/wp\/v2\/tags?post=3710"}],"curies":[{"name":"wp","href":"https:\/\/api.w.org\/{rel}","templated":true}]}}