{"id":37083,"date":"2022-04-09T10:07:00","date_gmt":"2022-04-09T13:07:00","guid":{"rendered":"https:\/\/www.paranapraia.com.br\/?p=37083"},"modified":"2022-04-11T10:08:30","modified_gmt":"2022-04-11T13:08:30","slug":"parana-registra-mais-1-497-casos-e-oito-obitos-pela-covid-19","status":"publish","type":"post","link":"https:\/\/www.paranapraia.com.br\/index.php\/2022\/04\/09\/parana-registra-mais-1-497-casos-e-oito-obitos-pela-covid-19\/","title":{"rendered":"Paran\u00e1 registra mais 1.497 casos e oito \u00f3bitos pela Covid-19"},"content":{"rendered":"\n<p>A Secretaria estadual da Sa\u00fade divulgou neste s\u00e1bado (9) mais 1.497 casos confirmados e oito mortes em decorr\u00eancia da infec\u00e7\u00e3o causada pelo novo coronav\u00edrus.<\/p>\n\n\n\n<p>Os dados acumulados do monitoramento da Covid-19 mostram que o Paran\u00e1 soma agora 2.415.689 casos confirmados e 42.745 mortos pela doen\u00e7a.<\/p>\n\n\n\n<p>Os casos s\u00e3o de abril (814), mar\u00e7o (101), fevereiro (250) e janeiro (262) de 2022; dezembro (2), outubro (2), setembro (6), agosto (16), julho (4), junho (6), maio (4), abril (11), mar\u00e7o (2), fevereiro (3) e janeiro (8) de 2021; e dezembro (2), novembro (1), agosto (2) e julho (1) de 2020.<\/p>\n\n\n\n<p>Os \u00f3bitos s\u00e3o de fevereiro (1) de 2022; outubro (1), julho (1), maio (1) e abril (2) de 2021; e novembro (1) e agosto (1) de 2020.<\/p>\n\n\n\n<p><strong>INTERNADOS \u2013<\/strong>&nbsp;O boletim relata que 37&nbsp;pacientes com diagn\u00f3stico confirmado de Covid-19 est\u00e3o internados em leitos SUS (19&nbsp;em UTIs e&nbsp;18&nbsp;em enfermarias). N\u00e3o h\u00e1 pacientes com diagn\u00f3stico confirmado em leitos da rede particular.<\/p>\n\n\n\n<p>H\u00e1 outros 292 pacientes internados, 136 em leitos de UTI e 156 em enfermarias, que aguardam resultados de exames. Eles est\u00e3o em leitos das redes p\u00fablica e particular e s\u00e3o considerados casos suspeitos de infec\u00e7\u00e3o pelo Sars-CoV-2.<\/p>\n\n\n\n<p><strong>\u00d3BITOS \u2013&nbsp;<\/strong>A Secretaria da Sa\u00fade informa a morte de mais&nbsp;oito&nbsp;pacientes. S\u00e3o&nbsp;tr\u00eas&nbsp;mulheres e cinco homens, com idades que variam entre&nbsp;60&nbsp;e&nbsp;83 anos. Os \u00f3bitos ocorreram entre 23 de agosto de 2020 e 23 de fevereiro de 2022.<\/p>\n\n\n\n<p>Os pacientes que foram a \u00f3bito residiam em Curitiba (3), Terra Boa, Santa Mariana, Ponta Grossa, Cascavel e Almirante Tamandar\u00e9.<\/p>\n\n\n\n<p><strong>FORA DO PARAN\u00c1 \u2013\u00a0<\/strong>O monitoramento registra 10.818\u00a0casos de residentes de fora do Estado, 233 pessoas foram a \u00f3bito.<\/p>\n\n\n\n<p>AEN<\/p>\n","protected":false},"excerpt":{"rendered":"<p>A Secretaria estadual da Sa\u00fade divulgou neste s\u00e1bado (9) mais 1.497 casos confirmados e oito mortes em decorr\u00eancia da infec\u00e7\u00e3o causada pelo novo coronav\u00edrus. Os dados acumulados do monitoramento da Covid-19 mostram que o Paran\u00e1 soma agora 2.415.689 casos confirmados e 42.745 mortos pela doen\u00e7a. Os casos s\u00e3o de abril (814), mar\u00e7o (101), fevereiro (250) [&hellip;]<\/p>\n","protected":false},"author":2,"featured_media":37084,"comment_status":"open","ping_status":"open","sticky":false,"template":"","format":"standard","meta":{"advanced_seo_description":"","jetpack_seo_html_title":"","jetpack_seo_noindex":false,"_jetpack_memberships_contains_paid_content":false,"footnotes":""},"categories":[50],"tags":[],"class_list":{"0":"post-37083","1":"post","2":"type-post","3":"status-publish","4":"format-standard","5":"has-post-thumbnail","7":"category-saude"},"jetpack_featured_media_url":"https:\/\/www.paranapraia.com.br\/wp-content\/uploads\/2022\/04\/banner_covid_2021-1.jpg","jetpack_sharing_enabled":true,"_links":{"self":[{"href":"https:\/\/www.paranapraia.com.br\/index.php\/wp-json\/wp\/v2\/posts\/37083"}],"collection":[{"href":"https:\/\/www.paranapraia.com.br\/index.php\/wp-json\/wp\/v2\/posts"}],"about":[{"href":"https:\/\/www.paranapraia.com.br\/index.php\/wp-json\/wp\/v2\/types\/post"}],"author":[{"embeddable":true,"href":"https:\/\/www.paranapraia.com.br\/index.php\/wp-json\/wp\/v2\/users\/2"}],"replies":[{"embeddable":true,"href":"https:\/\/www.paranapraia.com.br\/index.php\/wp-json\/wp\/v2\/comments?post=37083"}],"version-history":[{"count":1,"href":"https:\/\/www.paranapraia.com.br\/index.php\/wp-json\/wp\/v2\/posts\/37083\/revisions"}],"predecessor-version":[{"id":37085,"href":"https:\/\/www.paranapraia.com.br\/index.php\/wp-json\/wp\/v2\/posts\/37083\/revisions\/37085"}],"wp:featuredmedia":[{"embeddable":true,"href":"https:\/\/www.paranapraia.com.br\/index.php\/wp-json\/wp\/v2\/media\/37084"}],"wp:attachment":[{"href":"https:\/\/www.paranapraia.com.br\/index.php\/wp-json\/wp\/v2\/media?parent=37083"}],"wp:term":[{"taxonomy":"category","embeddable":true,"href":"https:\/\/www.paranapraia.com.br\/index.php\/wp-json\/wp\/v2\/categories?post=37083"},{"taxonomy":"post_tag","embeddable":true,"href":"https:\/\/www.paranapraia.com.br\/index.php\/wp-json\/wp\/v2\/tags?post=37083"}],"curies":[{"name":"wp","href":"https:\/\/api.w.org\/{rel}","templated":true}]}}