{"id":3698,"date":"2019-03-31T09:33:58","date_gmt":"2019-03-31T12:33:58","guid":{"rendered":"https:\/\/www.paranapraia.com.br\/?p=3698"},"modified":"2019-03-31T09:33:59","modified_gmt":"2019-03-31T12:33:59","slug":"homem-e-atropelado-no-contorno-sul-e-carros-colidem-em-seguida","status":"publish","type":"post","link":"https:\/\/www.paranapraia.com.br\/index.php\/2019\/03\/31\/homem-e-atropelado-no-contorno-sul-e-carros-colidem-em-seguida\/","title":{"rendered":"Homem \u00e9 atropelado no Contorno Sul e carros colidem em seguida"},"content":{"rendered":"\n<p>Um homem ainda n\u00e3o identificado ficou gravemente ferido ao ser atropelado na noite deste s\u00e1bado (30) no Contorno Sul em Curitiba, na Vila Sabar\u00e1. Ap\u00f3s o atropelamento, quatro carros acabaram colidindo para n\u00e3o colidir no carro atropelador.<\/p>\n\n\n\n<p>Socorristas do Siate com apoio da equipe m\u00e9dica prestaram atendimento ao atropelado que foi socorrido em estado grav\u00edssimo a um hospital.<\/p>\n\n\n\n<p>J\u00e1 os envolvidos na colis\u00e3o ap\u00f3s o atropelamento n\u00e3o ficaram feridos.<\/p>\n\n\n\n<p>Com informa\u00e7\u00f5es Bruna Froehner\/Rede Massa<\/p>\n","protected":false},"excerpt":{"rendered":"<p>Um homem ainda n\u00e3o identificado ficou gravemente ferido ao ser atropelado na noite deste s\u00e1bado (30) no Contorno Sul em Curitiba, na Vila Sabar\u00e1. Ap\u00f3s o atropelamento, quatro carros acabaram colidindo para n\u00e3o colidir no carro atropelador. Socorristas do Siate com apoio da equipe m\u00e9dica prestaram atendimento ao atropelado que foi socorrido em estado grav\u00edssimo [&hellip;]<\/p>\n","protected":false},"author":2,"featured_media":3699,"comment_status":"open","ping_status":"open","sticky":false,"template":"","format":"standard","meta":{"advanced_seo_description":"","jetpack_seo_html_title":"","jetpack_seo_noindex":false,"_jetpack_memberships_contains_paid_content":false,"footnotes":""},"categories":[52],"tags":[],"class_list":{"0":"post-3698","1":"post","2":"type-post","3":"status-publish","4":"format-standard","5":"has-post-thumbnail","7":"category-acidentes"},"jetpack_featured_media_url":"https:\/\/www.paranapraia.com.br\/wp-content\/uploads\/2019\/03\/carmassa.jpg","jetpack_sharing_enabled":true,"_links":{"self":[{"href":"https:\/\/www.paranapraia.com.br\/index.php\/wp-json\/wp\/v2\/posts\/3698"}],"collection":[{"href":"https:\/\/www.paranapraia.com.br\/index.php\/wp-json\/wp\/v2\/posts"}],"about":[{"href":"https:\/\/www.paranapraia.com.br\/index.php\/wp-json\/wp\/v2\/types\/post"}],"author":[{"embeddable":true,"href":"https:\/\/www.paranapraia.com.br\/index.php\/wp-json\/wp\/v2\/users\/2"}],"replies":[{"embeddable":true,"href":"https:\/\/www.paranapraia.com.br\/index.php\/wp-json\/wp\/v2\/comments?post=3698"}],"version-history":[{"count":1,"href":"https:\/\/www.paranapraia.com.br\/index.php\/wp-json\/wp\/v2\/posts\/3698\/revisions"}],"predecessor-version":[{"id":3700,"href":"https:\/\/www.paranapraia.com.br\/index.php\/wp-json\/wp\/v2\/posts\/3698\/revisions\/3700"}],"wp:featuredmedia":[{"embeddable":true,"href":"https:\/\/www.paranapraia.com.br\/index.php\/wp-json\/wp\/v2\/media\/3699"}],"wp:attachment":[{"href":"https:\/\/www.paranapraia.com.br\/index.php\/wp-json\/wp\/v2\/media?parent=3698"}],"wp:term":[{"taxonomy":"category","embeddable":true,"href":"https:\/\/www.paranapraia.com.br\/index.php\/wp-json\/wp\/v2\/categories?post=3698"},{"taxonomy":"post_tag","embeddable":true,"href":"https:\/\/www.paranapraia.com.br\/index.php\/wp-json\/wp\/v2\/tags?post=3698"}],"curies":[{"name":"wp","href":"https:\/\/api.w.org\/{rel}","templated":true}]}}