{"id":3694,"date":"2019-03-31T09:31:56","date_gmt":"2019-03-31T12:31:56","guid":{"rendered":"https:\/\/www.paranapraia.com.br\/?p=3694"},"modified":"2019-03-31T09:31:57","modified_gmt":"2019-03-31T12:31:57","slug":"espiritismo-marca-150-anos-da-morte-de-kardec-diante-de-momento-chave","status":"publish","type":"post","link":"https:\/\/www.paranapraia.com.br\/index.php\/2019\/03\/31\/espiritismo-marca-150-anos-da-morte-de-kardec-diante-de-momento-chave\/","title":{"rendered":"Espiritismo marca 150 anos da morte de Kardec diante de momento-chave"},"content":{"rendered":"\n<p>Nas celebra\u00e7\u00f5es dos 150 anos da morte -ou desencarne, como creem os adeptos do espiritismo- do escritor franc\u00eas Allan Kardec, considerado o pai da doutrina esp\u00edrita, expoentes da cren\u00e7a afastam o m\u00e9dium Jo\u00e3o de Deus de suas fileiras, falam de acirramentos dos conflitos interpessoais da atualidade e refor\u00e7am a sinergia da filosofia com os avan\u00e7os cient\u00edficos.<\/p>\n\n\n\n<p>Kardec, cujo nome de batismo \u00e9 Hippolyte L\u00e9on Denizard Rivail, foi o respons\u00e1vel pela publica\u00e7\u00e3o do pentateuco esp\u00edrita (conjunto de cinco obras liter\u00e1rias), pilar da filosofia que nasceu a partir da investiga\u00e7\u00e3o cient\u00edfica de fen\u00f4menos chamados &#8220;mesas girantes&#8221;, motivo de inquieta\u00e7\u00e3o na Europa no s\u00e9culo 19.<\/p>\n\n\n\n<p>&#8220;Ele pensou ter encontrado nas manifesta\u00e7\u00f5es das &#8216;mesas girantes&#8217; evid\u00eancias robustas da imortalidade alma, atrav\u00e9s da identidade dos esp\u00edritos comunicantes&#8221;, afirma Dora Incontri, jornalista, doutora em educa\u00e7\u00e3o pela USP e considerada uma das maiores especialistas em Kardec do pa\u00eds.<\/p>\n\n\n\n<p>Ainda no primeiro semestre deste ano est\u00e3o previstas a estreia de um document\u00e1rio e de um filme a respeito do chamado codificador da doutrina esp\u00edrita.<\/p>\n\n\n\n<p>Dora, com Karim Souma\u00efla, assina o roteiro de &#8220;Em Busca de Kardec&#8221;, o document\u00e1rio. &#8220;A filosofia que ele estabeleceu, que \u00e9 o espiritismo, que ele n\u00e3o queria que fosse uma religi\u00e3o, foi constru\u00edda em di\u00e1logo com esp\u00edritos&#8221;, afirma.<\/p>\n\n\n\n<p>J\u00e1 o filme dramatizado \u00e9 baseado na biografia escrita pelo jornalista Marcel Souto Maior, que mostra a trajet\u00f3ria do professor Rivail at\u00e9 transformar-se no &#8220;pai do espiritismo&#8221;.<\/p>\n\n\n\n<p>Segundo Souto Maior, a obra de Kardec \u00e9 estudada e colocada em pr\u00e1tica hoje em cerca de 15 mil centros esp\u00edritas pelo pa\u00eds, tendo como m\u00e1xima a frase cunhada como a ess\u00eancia da doutrina: &#8220;Fora da caridade n\u00e3o h\u00e1 salva\u00e7\u00e3o&#8221;.<\/p>\n\n\n\n<p>&#8220;Ela [a obra] sustenta uma rede de solidariedade cada vez mais integrada e ativa. \u00c9 muito atual e cada vez mobiliza mais gente em torno das li\u00e7\u00f5es que difundiu&#8221;, diz ele.<\/p>\n\n\n\n<p>Souto Maior afirma ainda que, em nenhum pa\u00eds o espiritismo de Kardec ganhou tantos adeptos quanto no Brasil.<\/p>\n\n\n\n<p>Um dos grandes respons\u00e1veis por isso foi o m\u00e9dium Chico Xavier (1910-2002).<\/p>\n\n\n\n<p>Al\u00e9m de a\u00e7\u00f5es de caridade, o mineiro ganhou fama ao psicografar milhares de cartas e publicar mais de 400 obras.<\/p>\n\n\n\n<p>Em 2010, segundo o Censo mais recente do IBGE, 3,8 milh\u00f5es de pessoas se declararam seguidores da doutrina no Brasil. \u00c9 o secto com maior \u00edndice de ensino superior (31,5%) e a maior taxa de alfabetiza\u00e7\u00e3o (98,6%).<\/p>\n\n\n\n<p>Nesse total, por\u00e9m, n\u00e3o est\u00e3o outras correntes reencarnacionistas existentes no Brasil, como o candombl\u00e9 e a umbanda, das quais os kardecistas buscam se diferenciar.<\/p>\n\n\n\n<p>Tampouco est\u00e3o inclu\u00eddos aqueles que veem a doutrina como filosofia e n\u00e3o religi\u00e3o, ou que a seguem em paralelo com religi\u00f5es como a cat\u00f3lica.<\/p>\n\n\n\n<p>Os esp\u00edritas tamb\u00e9m v\u00eam, desde o final de 2018, empregando esfor\u00e7os para explicar que o m\u00e9dium Jo\u00e3o de Deus, 77, preso em Goi\u00e2nia (GO) sob a suspeita de abuso sexual e outros crimes, n\u00e3o pode ser considerado um esp\u00edrita.<\/p>\n\n\n\n<p>&#8220;O pr\u00f3prio m\u00e9dium j\u00e1 se declarou n\u00e3o esp\u00edrita. \u00c9 preciso separar a pessoa da doutrina. Mesmo que ele fosse esp\u00edrita, dentro da nossas imperfei\u00e7\u00f5es, podemos cometer erros, mas os ensinamentos apontam para seguir corretamente&#8221;, diz Geraldo Campetti, vice-presidente da FEB (Federa\u00e7\u00e3o Esp\u00edrita do Brasil).<\/p>\n\n\n\n<p>Ele diz que &#8220;segundo Kardec, uma coisa \u00e9 ser m\u00e9dium, um instrumento entre o plano espiritual e o material, outra \u00e9 o uso que se faz da mediunidade, que pode servir tanto ao bem quanto ao mal. Pode-se trabalhar pelo pr\u00f3ximo ou por interesses particulares&#8221;.<\/p>\n\n\n\n<p>&#8220;\u00c9 claro que \u00e9 lament\u00e1vel tudo o que aconteceu, \u00e9 um alerta para que fiquemos cada vez mais vigilantes. O m\u00e9dium n\u00e3o \u00e9 um esp\u00edrito perfeito, pelo contr\u00e1rio, \u00e9 um esp\u00edrito bem endividado.&#8221;<\/p>\n\n\n\n<p>Na vis\u00e3o dos esp\u00edritas, o clima prevalente de atrito entre as pessoas tem rela\u00e7\u00e3o com o que chamam de &#8220;momento de transi\u00e7\u00e3o&#8221;, que \u00e9 marcado por questionamentos de valores.<\/p>\n\n\n\n<p>Campetti avalia que &#8220;estamos vendo pessoas perturbadas querendo conturbar&#8221; e pessoas embarcando em processos de precipita\u00e7\u00e3o de opini\u00e3o, de tomada de atitude intempestiva e que acabam favorecendo a polariza\u00e7\u00e3o e tencionando as rela\u00e7\u00f5es.<\/p>\n\n\n\n<p>&#8220;O espiritismo leva a mensagem de paz e de esperan\u00e7a, e somos convocados a agir. \u00c9 um momento decisivo, crucial, com o recrudescimento dos enfrentamentos, e n\u00e3o h\u00e1 como ficar parado&#8221;, diz.<\/p>\n\n\n\n<p>&#8220;Precisamos dar apoio para que as pessoas entendam o que \u00e9 essencial na vida. A doutrina se prepara para um momento de regenera\u00e7\u00e3o, para dar uma base \u00e0s pessoas para trabalharem por seu restabelecimento moral.&#8221;<\/p>\n\n\n\n<p>Para o jornalista Andr\u00e9 Trigueiro, um dos palestrantes a respeito do espiritismo mais conhecidos do pa\u00eds, &#8220;para os esp\u00edritas, estar\u00edamos deixando a categoria de &#8216;mundo de provas e expia\u00e7\u00f5es&#8217; -onde a dor e o sofrimento ainda predominam- para &#8216;mundo de regenera\u00e7\u00e3o&#8217; -onde a evolu\u00e7\u00e3o \u00e9tica e moral determinariam viv\u00eancias menos dolorosas que as atuais&#8221;.<\/p>\n\n\n\n<p>&#8220;O agravamento das tens\u00f5es, no n\u00edvel em que experimentamos hoje, costuma marcar de forma aguda esses per\u00edodos de transi\u00e7\u00e3o. A doutrina esp\u00edrita previu esse momento conturbado, e assinalou a import\u00e2ncia de seus seguidores se pautarem sempre pelas li\u00e7\u00f5es morais do evangelho, especialmente a pr\u00e1tica da caridade&#8221;, afirma.<\/p>\n\n\n\n<p>Os avan\u00e7os cient\u00edficos em torno das manipula\u00e7\u00f5es gen\u00e9ticas, do sequenciamento do DNA e tamb\u00e9m as novidades tecnol\u00f3gicas parecem n\u00e3o levar desconforto aos esp\u00edritas, mas, sim, entusiasmo, uma vez que a doutrina afirma se ancorar no respeito \u00e0 ci\u00eancia.<\/p>\n\n\n\n<p>&#8220;O esp\u00edrita, ao se considerar cientista, tem de ser amigo do avan\u00e7o da ci\u00eancia. Outra vis\u00e3o seria sociologicamente tentar entender se os esp\u00edritas s\u00e3o amigos da ci\u00eancia, mas a\u00ed n\u00e3o seria uma postura filos\u00f3fica&#8221;, diz o professor da USP Alysson Mascaro.<\/p>\n\n\n\n<p>&#8220;Isso \u00e9 postulado por Kardec: &#8216;A ci\u00eancia acima de tudo&#8217;. \u00c9 um postulado, inclusive, do iluminismo do s\u00e9culo 18, aplicado nessa leitura de Kardec no s\u00e9culo 19.&#8221;<\/p>\n\n\n\n<p>Trigueiro diz que &#8220;Kardec utilizou a metodologia cient\u00edfica para eliminar o risco de fraudes e mistifica\u00e7\u00f5es&#8221;.<\/p>\n\n\n\n<p>&#8220;A atualidade do espiritismo se manifesta pela l\u00f3gica de seus postulados [de Kardec] que revelam as leis que regem a vida e o universo. \u00c9 o que se convencionou chamar de f\u00e9 raciocinada&#8221;, afirma.<\/p>\n\n\n\n<p>&#8220;Assim, os princ\u00edpios b\u00e1sicos da doutrina permanecem perenes na linha do tempo.&#8221;<\/p>\n\n\n\n<p>Bem Paran\u00e1<\/p>\n","protected":false},"excerpt":{"rendered":"<p>Nas celebra\u00e7\u00f5es dos 150 anos da morte -ou desencarne, como creem os adeptos do espiritismo- do escritor franc\u00eas Allan Kardec, considerado o pai da doutrina esp\u00edrita, expoentes da cren\u00e7a afastam o m\u00e9dium Jo\u00e3o de Deus de suas fileiras, falam de acirramentos dos conflitos interpessoais da atualidade e refor\u00e7am a sinergia da filosofia com os avan\u00e7os [&hellip;]<\/p>\n","protected":false},"author":2,"featured_media":3695,"comment_status":"open","ping_status":"open","sticky":false,"template":"","format":"standard","meta":{"advanced_seo_description":"","jetpack_seo_html_title":"","jetpack_seo_noindex":false,"_jetpack_memberships_contains_paid_content":false,"footnotes":""},"categories":[40],"tags":[],"class_list":{"0":"post-3694","1":"post","2":"type-post","3":"status-publish","4":"format-standard","5":"has-post-thumbnail","7":"category-destaques"},"jetpack_featured_media_url":"https:\/\/www.paranapraia.com.br\/wp-content\/uploads\/2019\/03\/allan.png","jetpack_sharing_enabled":true,"_links":{"self":[{"href":"https:\/\/www.paranapraia.com.br\/index.php\/wp-json\/wp\/v2\/posts\/3694"}],"collection":[{"href":"https:\/\/www.paranapraia.com.br\/index.php\/wp-json\/wp\/v2\/posts"}],"about":[{"href":"https:\/\/www.paranapraia.com.br\/index.php\/wp-json\/wp\/v2\/types\/post"}],"author":[{"embeddable":true,"href":"https:\/\/www.paranapraia.com.br\/index.php\/wp-json\/wp\/v2\/users\/2"}],"replies":[{"embeddable":true,"href":"https:\/\/www.paranapraia.com.br\/index.php\/wp-json\/wp\/v2\/comments?post=3694"}],"version-history":[{"count":1,"href":"https:\/\/www.paranapraia.com.br\/index.php\/wp-json\/wp\/v2\/posts\/3694\/revisions"}],"predecessor-version":[{"id":3696,"href":"https:\/\/www.paranapraia.com.br\/index.php\/wp-json\/wp\/v2\/posts\/3694\/revisions\/3696"}],"wp:featuredmedia":[{"embeddable":true,"href":"https:\/\/www.paranapraia.com.br\/index.php\/wp-json\/wp\/v2\/media\/3695"}],"wp:attachment":[{"href":"https:\/\/www.paranapraia.com.br\/index.php\/wp-json\/wp\/v2\/media?parent=3694"}],"wp:term":[{"taxonomy":"category","embeddable":true,"href":"https:\/\/www.paranapraia.com.br\/index.php\/wp-json\/wp\/v2\/categories?post=3694"},{"taxonomy":"post_tag","embeddable":true,"href":"https:\/\/www.paranapraia.com.br\/index.php\/wp-json\/wp\/v2\/tags?post=3694"}],"curies":[{"name":"wp","href":"https:\/\/api.w.org\/{rel}","templated":true}]}}