{"id":3659,"date":"2019-03-30T21:00:18","date_gmt":"2019-03-31T00:00:18","guid":{"rendered":"https:\/\/www.paranapraia.com.br\/?p=3659"},"modified":"2019-03-30T21:00:18","modified_gmt":"2019-03-31T00:00:18","slug":"prefeitura-renova-iluminacao-de-toda-a-avenida-sete-de-setembro","status":"publish","type":"post","link":"https:\/\/www.paranapraia.com.br\/index.php\/2019\/03\/30\/prefeitura-renova-iluminacao-de-toda-a-avenida-sete-de-setembro\/","title":{"rendered":"Prefeitura renova ilumina\u00e7\u00e3o de toda a Avenida Sete de Setembro"},"content":{"rendered":"\n<p>Entre as avenidas mais importantes de Curitiba, a Sete de Setembro, que leva aos bairros Rebou\u00e7as, Centro, \u00c1gua Verde, Batel e Semin\u00e1rio, est\u00e1 recebendo obras de revitaliza\u00e7\u00e3o do seu sistema de ilumina\u00e7\u00e3o. Os trabalhos da Prefeitura come\u00e7aram na noite desta quinta-feira (28\/3), no trecho entre as ruas Tibagi e Jos\u00e9 de Alencar, e est\u00e3o previstos para durarem 180 dias. Tamb\u00e9m, durante a madrugada, foi iniciada a substitui\u00e7\u00e3o das lumin\u00e1rias para LED em frente \u00e0s esta\u00e7\u00f5es-tubo.<\/p>\n\n\n\n<p>Em toda a extens\u00e3o da via ser\u00e3o substitu\u00eddas 240 lumin\u00e1rias de vapor de s\u00f3dio, que hoje s\u00e3o compostas por l\u00e2mpadas de 400W, por lumin\u00e1rias de LED de 210W. \u201cA troca das lumin\u00e1rias trar\u00e1 mais efici\u00eancia energ\u00e9tica e melhora o n\u00edvel de luminosidade, fornecendo mais conforto visual e seguran\u00e7a para pedestres, ciclistas e motoristas que trafegam pela avenida\u201d, explica Tony Malheiros, diretor do Departamento de Ilumina\u00e7\u00e3o da Secretaria Municipal de Obras P\u00fablicas.<\/p>\n\n\n\n<p>No trecho da Avenida Sete de Setembro entre a Pra\u00e7a do Jap\u00e3o e a Rua Tibagi, ser\u00e3o substitu\u00eddos 149 postes de ferro por postes curvos novos de a\u00e7o galvanizado. Segundo explica Malheiros, esta ser\u00e1 a etapa mais demorada da obra pela complexidade de se retirar os antigos postes e implantar as novas estruturas. Outras 140 lumin\u00e1rias de vapor met\u00e1lico com l\u00e2mpadas de 150W ser\u00e3o trocadas por lumin\u00e1rias de LED de 110W direcionadas para a canaleta do transporte coletivo.<\/p>\n\n\n\n<p>Os investimentos na melhoria da ilumina\u00e7\u00e3o da avenida somam R$ 963.728,08, incluindo materiais, equipamentos e m\u00e3o-de-obra, e ainda contemplam a substitui\u00e7\u00e3o de 125 lumin\u00e1rias de vapor met\u00e1lico com l\u00e2mpadas de 100W por lumin\u00e1ria de LED de 60W direcionadas para a via lenta. \u201c\u00c9 sempre bom destacar que o LED representa uma economia de mais de 40% do consumo de energia el\u00e9trica e \u00e9 mais dur\u00e1vel, com uma vida \u00fatil de cerca de 50 mil horas ou seis anos. As l\u00e2mpadas de vapor de s\u00f3dio de alta press\u00e3o duram, em m\u00e9dia, vinte mil horas\u201d, disse Malheiros.<\/p>\n\n\n\n<p>Bem Paran\u00e1<\/p>\n","protected":false},"excerpt":{"rendered":"<p>Entre as avenidas mais importantes de Curitiba, a Sete de Setembro, que leva aos bairros Rebou\u00e7as, Centro, \u00c1gua Verde, Batel e Semin\u00e1rio, est\u00e1 recebendo obras de revitaliza\u00e7\u00e3o do seu sistema de ilumina\u00e7\u00e3o. Os trabalhos da Prefeitura come\u00e7aram na noite desta quinta-feira (28\/3), no trecho entre as ruas Tibagi e Jos\u00e9 de Alencar, e est\u00e3o previstos [&hellip;]<\/p>\n","protected":false},"author":2,"featured_media":3660,"comment_status":"open","ping_status":"open","sticky":false,"template":"","format":"standard","meta":{"advanced_seo_description":"","jetpack_seo_html_title":"","jetpack_seo_noindex":false,"_jetpack_memberships_contains_paid_content":false,"footnotes":""},"categories":[42],"tags":[],"class_list":{"0":"post-3659","1":"post","2":"type-post","3":"status-publish","4":"format-standard","5":"has-post-thumbnail","7":"category-cidades"},"jetpack_featured_media_url":"https:\/\/www.paranapraia.com.br\/wp-content\/uploads\/2019\/03\/ilu.jpg","jetpack_sharing_enabled":true,"_links":{"self":[{"href":"https:\/\/www.paranapraia.com.br\/index.php\/wp-json\/wp\/v2\/posts\/3659"}],"collection":[{"href":"https:\/\/www.paranapraia.com.br\/index.php\/wp-json\/wp\/v2\/posts"}],"about":[{"href":"https:\/\/www.paranapraia.com.br\/index.php\/wp-json\/wp\/v2\/types\/post"}],"author":[{"embeddable":true,"href":"https:\/\/www.paranapraia.com.br\/index.php\/wp-json\/wp\/v2\/users\/2"}],"replies":[{"embeddable":true,"href":"https:\/\/www.paranapraia.com.br\/index.php\/wp-json\/wp\/v2\/comments?post=3659"}],"version-history":[{"count":1,"href":"https:\/\/www.paranapraia.com.br\/index.php\/wp-json\/wp\/v2\/posts\/3659\/revisions"}],"predecessor-version":[{"id":3661,"href":"https:\/\/www.paranapraia.com.br\/index.php\/wp-json\/wp\/v2\/posts\/3659\/revisions\/3661"}],"wp:featuredmedia":[{"embeddable":true,"href":"https:\/\/www.paranapraia.com.br\/index.php\/wp-json\/wp\/v2\/media\/3660"}],"wp:attachment":[{"href":"https:\/\/www.paranapraia.com.br\/index.php\/wp-json\/wp\/v2\/media?parent=3659"}],"wp:term":[{"taxonomy":"category","embeddable":true,"href":"https:\/\/www.paranapraia.com.br\/index.php\/wp-json\/wp\/v2\/categories?post=3659"},{"taxonomy":"post_tag","embeddable":true,"href":"https:\/\/www.paranapraia.com.br\/index.php\/wp-json\/wp\/v2\/tags?post=3659"}],"curies":[{"name":"wp","href":"https:\/\/api.w.org\/{rel}","templated":true}]}}