{"id":3656,"date":"2019-03-30T17:09:37","date_gmt":"2019-03-30T20:09:37","guid":{"rendered":"https:\/\/www.paranapraia.com.br\/?p=3656"},"modified":"2019-03-30T17:09:38","modified_gmt":"2019-03-30T20:09:38","slug":"caminhoneiros-do-parana-fazem-carreata-pela-tabela-do-frete","status":"publish","type":"post","link":"https:\/\/www.paranapraia.com.br\/index.php\/2019\/03\/30\/caminhoneiros-do-parana-fazem-carreata-pela-tabela-do-frete\/","title":{"rendered":"Caminhoneiros do Paran\u00e1 fazem carreata pela tabela do frete"},"content":{"rendered":"\n<p>m grupo de caminhoneiros fez carreata neste s\u00e1bado (30) na regi\u00e3o metropolitana de Curitiba. O ato foi promovido pelo Sindicato dos Caminhoneiros de S\u00e3o Jos\u00e9 dos Pinhais, que pede a fiscaliza\u00e7\u00e3o da tabela do frete rodovi\u00e1rio e a diminui\u00e7\u00e3o do pre\u00e7o do litro do \u00f3leo diesel.\u00a0<\/p>\n\n\n\n<p>Quer emagrecer, sugerimos que acesse esse link para saber mais sobre essa dica que realmente tem resultados incr\u00edveis: <\/p>\n\n\n\n<p>Segundo a Pol\u00edcia Rodovi\u00e1ria Federal (PRF), que acompanhou a carreata com duas viaturas, n\u00e3o houve interdi\u00e7\u00e3o total do tr\u00e2nsito na Linha Verde, uma das principais rodovias da capital paranaense, onde os caminheiros passaram.<\/p>\n\n\n\n<p>Na quinta-feira (28), o presidente Jair Bolsonaro anunciou o lan\u00e7amento do cart\u00e3o-caminhoneiro, que vai garantir a compra de combust\u00edvel, pelos motoristas de carga, sem a varia\u00e7\u00e3o oscilante do pre\u00e7o do \u00f3leo diesel, uma das principais reclama\u00e7\u00f5es da categoria.<\/p>\n\n\n\n<p>Bolsonaro tamb\u00e9m citou a decis\u00e3o recente da Petrobras, que anunciou que n\u00e3o haver\u00e1 reajuste no pre\u00e7o do diesel em intervalos inferiores a 15 dias.<\/p>\n\n\n\n<p>A pol\u00edtica do frete m\u00ednimo foi uma das reivindica\u00e7\u00f5es dos caminhoneiros que paralisaram as estradas de todo o pa\u00eds em maio do ano passado. A lei especificou que os pisos m\u00ednimos de frete dever\u00e3o refletir os custos operacionais totais do transporte, definidos e divulgados nos termos da Ag\u00eancia Nacional de Transportes Terrestre (ANTT), com prioriza\u00e7\u00e3o dos custos referentes ao \u00f3leo diesel e aos ped\u00e1gios.<\/p>\n\n\n\n<p>Da Ag\u00eancia Brasil<\/p>\n","protected":false},"excerpt":{"rendered":"<p>m grupo de caminhoneiros fez carreata neste s\u00e1bado (30) na regi\u00e3o metropolitana de Curitiba. O ato foi promovido pelo Sindicato dos Caminhoneiros de S\u00e3o Jos\u00e9 dos Pinhais, que pede a fiscaliza\u00e7\u00e3o da tabela do frete rodovi\u00e1rio e a diminui\u00e7\u00e3o do pre\u00e7o do litro do \u00f3leo diesel.\u00a0 Quer emagrecer, sugerimos que acesse esse link para saber [&hellip;]<\/p>\n","protected":false},"author":2,"featured_media":3657,"comment_status":"open","ping_status":"open","sticky":false,"template":"","format":"standard","meta":{"advanced_seo_description":"","jetpack_seo_html_title":"","jetpack_seo_noindex":false,"_jetpack_memberships_contains_paid_content":false,"footnotes":""},"categories":[43],"tags":[],"class_list":{"0":"post-3656","1":"post","2":"type-post","3":"status-publish","4":"format-standard","5":"has-post-thumbnail","7":"category-cotidiano"},"jetpack_featured_media_url":"https:\/\/www.paranapraia.com.br\/wp-content\/uploads\/2019\/03\/ca.jpg","jetpack_sharing_enabled":true,"_links":{"self":[{"href":"https:\/\/www.paranapraia.com.br\/index.php\/wp-json\/wp\/v2\/posts\/3656"}],"collection":[{"href":"https:\/\/www.paranapraia.com.br\/index.php\/wp-json\/wp\/v2\/posts"}],"about":[{"href":"https:\/\/www.paranapraia.com.br\/index.php\/wp-json\/wp\/v2\/types\/post"}],"author":[{"embeddable":true,"href":"https:\/\/www.paranapraia.com.br\/index.php\/wp-json\/wp\/v2\/users\/2"}],"replies":[{"embeddable":true,"href":"https:\/\/www.paranapraia.com.br\/index.php\/wp-json\/wp\/v2\/comments?post=3656"}],"version-history":[{"count":1,"href":"https:\/\/www.paranapraia.com.br\/index.php\/wp-json\/wp\/v2\/posts\/3656\/revisions"}],"predecessor-version":[{"id":3658,"href":"https:\/\/www.paranapraia.com.br\/index.php\/wp-json\/wp\/v2\/posts\/3656\/revisions\/3658"}],"wp:featuredmedia":[{"embeddable":true,"href":"https:\/\/www.paranapraia.com.br\/index.php\/wp-json\/wp\/v2\/media\/3657"}],"wp:attachment":[{"href":"https:\/\/www.paranapraia.com.br\/index.php\/wp-json\/wp\/v2\/media?parent=3656"}],"wp:term":[{"taxonomy":"category","embeddable":true,"href":"https:\/\/www.paranapraia.com.br\/index.php\/wp-json\/wp\/v2\/categories?post=3656"},{"taxonomy":"post_tag","embeddable":true,"href":"https:\/\/www.paranapraia.com.br\/index.php\/wp-json\/wp\/v2\/tags?post=3656"}],"curies":[{"name":"wp","href":"https:\/\/api.w.org\/{rel}","templated":true}]}}