{"id":3652,"date":"2019-03-30T17:07:08","date_gmt":"2019-03-30T20:07:08","guid":{"rendered":"https:\/\/www.paranapraia.com.br\/?p=3652"},"modified":"2019-03-30T17:07:09","modified_gmt":"2019-03-30T20:07:09","slug":"mais-de-um-milhao-de-paralelepipedos-sao-encontrados-enterrados-em-penha-diz-prefeitura","status":"publish","type":"post","link":"https:\/\/www.paranapraia.com.br\/index.php\/2019\/03\/30\/mais-de-um-milhao-de-paralelepipedos-sao-encontrados-enterrados-em-penha-diz-prefeitura\/","title":{"rendered":"Mais de um milh\u00e3o de paralelep\u00edpedos s\u00e3o encontrados enterrados em Penha, diz prefeitura"},"content":{"rendered":"\n<h4 class=\"wp-block-heading\">Material foi descoberto por acaso, durante conversas nos corredores da administra\u00e7\u00e3o municipal. Ainda n\u00e3o se sabe desde quando as pedras estavam embaixo da terra.<\/h4>\n\n\n\n<p>Mais de um milh\u00e3o de paralelep\u00edpedos foram encontrados em\u00a0<a href=\"https:\/\/g1.globo.com\/sc\/santa-catarina\/cidade\/penha\/\">Penha<\/a>, no Litoral Norte. As pedras de pavimenta\u00e7\u00e3o estavam enterradas atr\u00e1s do pr\u00e9dio da prefeitura. A C\u00e2mara de Vereadores deve abrir uma Comiss\u00e3o Parlamentar de Inqu\u00e9rito (CPI) para investigar o que aconteceu.<\/p>\n\n\n\n<p>Saiba mais sobre esse importante curso que acontecer\u00e1 no pr\u00f3ximo m\u00eas, ser\u00e1 incr\u00edvel esperamos voc\u00ea l\u00e1: <\/p>\n\n\n\n<p>Os paralelep\u00edpedos foram descobertos por acaso, durante conversas nos corredores da administra\u00e7\u00e3o municipal.<\/p>\n\n\n\n<p>&#8220;Os funcion\u00e1rios antigos da Secretaria de Servi\u00e7os Urbanos comentando que teriam essas pedras enterradas aqui. Colocamos uma m\u00e1quina e realmente foi constatada a presen\u00e7a dessas pedras&#8221;, disse o secret\u00e1rio de Servi\u00e7os Urbanos, Waldemir Jos\u00e9 Mafra J\u00fanior.<\/p>\n\n\n\n<p>Quanto mais a m\u00e1quina mexia na terra, mais pedra aparecia. Nas contas da pasta, s\u00e3o mais de um milh\u00e3o de pedras de paralelep\u00edpedo. O material custariam atualmente, se fosse comprado, cerca de R$ 400 mil.<\/p>\n\n\n\n<p>As pedras come\u00e7aram as ser desenterradas em 2017. At\u00e9 agora, a prefeitura n\u00e3o descobriu h\u00e1 quanto tempo estavam embaixo da terra, nem quem enterrou e o motivo.<\/p>\n\n\n\n<p>A C\u00e2mara de Vereadores enviou um pedido de informa\u00e7\u00e3o para o prefeito e, a partir da resposta, vai come\u00e7ar a investigar por meio de uma CPI.<\/p>\n\n\n\n<p>As pedras est\u00e3o sendo usadas para pavimentar ruas, em um mutir\u00e3o de obras que a prefeitura est\u00e1 fazendo. Esse tipo de pedra n\u00e3o deixa o local t\u00e3o regular quanto um asfalto. Para os motoristas, n\u00e3o \u00e9 t\u00e3o bom.<\/p>\n\n\n\n<p>Mas resolveu um problema de mais de 30 anos de uma comunidade do munic\u00edpio. Em uma das ruas, por exemplo, que d\u00e1 acesso para quatro praias de Penha, os \u00f4nibus nem entravam mais, por causa da condi\u00e7\u00e3o da estrada.<\/p>\n\n\n\n<p>\u201cTinha bastante lama, barro, agora n\u00e3o. Agora est\u00e1 sendo bem \u00fatil\u201d, disse Val\u00e9ria Cristina Ferreira, moradora da via.<\/p>\n\n\n\n<p><br><\/p>\n","protected":false},"excerpt":{"rendered":"<p>Material foi descoberto por acaso, durante conversas nos corredores da administra\u00e7\u00e3o municipal. Ainda n\u00e3o se sabe desde quando as pedras estavam embaixo da terra. Mais de um milh\u00e3o de paralelep\u00edpedos foram encontrados em\u00a0Penha, no Litoral Norte. As pedras de pavimenta\u00e7\u00e3o estavam enterradas atr\u00e1s do pr\u00e9dio da prefeitura. A C\u00e2mara de Vereadores deve abrir uma Comiss\u00e3o [&hellip;]<\/p>\n","protected":false},"author":2,"featured_media":3653,"comment_status":"open","ping_status":"open","sticky":false,"template":"","format":"standard","meta":{"advanced_seo_description":"","jetpack_seo_html_title":"","jetpack_seo_noindex":false,"_jetpack_memberships_contains_paid_content":false,"footnotes":""},"categories":[42],"tags":[],"class_list":{"0":"post-3652","1":"post","2":"type-post","3":"status-publish","4":"format-standard","5":"has-post-thumbnail","7":"category-cidades"},"jetpack_featured_media_url":"https:\/\/www.paranapraia.com.br\/wp-content\/uploads\/2019\/03\/para.jpg","jetpack_sharing_enabled":true,"_links":{"self":[{"href":"https:\/\/www.paranapraia.com.br\/index.php\/wp-json\/wp\/v2\/posts\/3652"}],"collection":[{"href":"https:\/\/www.paranapraia.com.br\/index.php\/wp-json\/wp\/v2\/posts"}],"about":[{"href":"https:\/\/www.paranapraia.com.br\/index.php\/wp-json\/wp\/v2\/types\/post"}],"author":[{"embeddable":true,"href":"https:\/\/www.paranapraia.com.br\/index.php\/wp-json\/wp\/v2\/users\/2"}],"replies":[{"embeddable":true,"href":"https:\/\/www.paranapraia.com.br\/index.php\/wp-json\/wp\/v2\/comments?post=3652"}],"version-history":[{"count":1,"href":"https:\/\/www.paranapraia.com.br\/index.php\/wp-json\/wp\/v2\/posts\/3652\/revisions"}],"predecessor-version":[{"id":3654,"href":"https:\/\/www.paranapraia.com.br\/index.php\/wp-json\/wp\/v2\/posts\/3652\/revisions\/3654"}],"wp:featuredmedia":[{"embeddable":true,"href":"https:\/\/www.paranapraia.com.br\/index.php\/wp-json\/wp\/v2\/media\/3653"}],"wp:attachment":[{"href":"https:\/\/www.paranapraia.com.br\/index.php\/wp-json\/wp\/v2\/media?parent=3652"}],"wp:term":[{"taxonomy":"category","embeddable":true,"href":"https:\/\/www.paranapraia.com.br\/index.php\/wp-json\/wp\/v2\/categories?post=3652"},{"taxonomy":"post_tag","embeddable":true,"href":"https:\/\/www.paranapraia.com.br\/index.php\/wp-json\/wp\/v2\/tags?post=3652"}],"curies":[{"name":"wp","href":"https:\/\/api.w.org\/{rel}","templated":true}]}}