{"id":3646,"date":"2019-03-30T17:02:51","date_gmt":"2019-03-30T20:02:51","guid":{"rendered":"https:\/\/www.paranapraia.com.br\/?p=3646"},"modified":"2019-03-30T17:02:52","modified_gmt":"2019-03-30T20:02:52","slug":"caminhoneiro-morre-apos-bater-contra-mureta-em-praca-de-pedagio","status":"publish","type":"post","link":"https:\/\/www.paranapraia.com.br\/index.php\/2019\/03\/30\/caminhoneiro-morre-apos-bater-contra-mureta-em-praca-de-pedagio\/","title":{"rendered":"Caminhoneiro morre ap\u00f3s bater contra mureta em pra\u00e7a de ped\u00e1gio"},"content":{"rendered":"\n<h4 class=\"wp-block-heading\">Acidente foi registrado na Rodovia Raposo Tavares (SP-270), em Palmital (SP). V\u00edtima de 33 anos, que dirigia um caminh\u00e3o com placas de Santa Catarina, morreu no local.<\/h4>\n\n\n\n<p>Um caminhoneiro de 33 anos morreu depois que bateu o ve\u00edculo contra a mureta de uma pra\u00e7a de ped\u00e1gio na Rodovia Raposo Tavares (SP-270), em Palmital (SP), na sexta-feira (29).<\/p>\n\n\n\n<p>Chegou a sua hora! Saiba mais sobre ter seu neg\u00f3cio online com essas dicas valiosas! <\/p>\n\n\n\n<p>De acordo com a Pol\u00edcia Militar Rodovi\u00e1ria de Assis, a v\u00edtima seguia pela via em um caminh\u00e3o, com placas de Laguna (SC), quando colidiu na mureta. Devido ao forte impacto, o homem morreu no local.<\/p>\n\n\n\n<figure class=\"wp-block-image\"><img decoding=\"async\" src=\"https:\/\/s2.glbimg.com\/nh5u20UoYQMYqTjgvaN1lBVdwbE=\/0x0:1280x960\/984x0\/smart\/filters:strip_icc()\/i.s3.glbimg.com\/v1\/AUTH_59edd422c0c84a879bd37670ae4f538a\/internal_photos\/bs\/2019\/d\/3\/Qs1ZN9RpqFUawV0zZcsw\/palmital1-alisson-negrini-2-.jpeg\" alt=\"Motorista de caminh\u00e3o morreu ap\u00f3s acidente em Palmital \u2014 Foto: Alisson Negrini\/TV TEM\"\/><\/figure>\n\n\n\n<p>Motorista de caminh\u00e3o morreu ap\u00f3s acidente em Palmital \u2014 Foto: Alisson Negrini\/TV TEM<\/p>\n\n\n\n<p>Ainda segundo a pol\u00edcia, parte do mureta atingiu um carro, mas ningu\u00e9m se feriu.<\/p>\n\n\n\n<p>Em nota, a concession\u00e1ria que administra o trecho da SP-270 informou que suas equipes prestaram atendimento \u00e0 v\u00edtima e que o tr\u00e2nsito n\u00e3o foi prejudicado.<\/p>\n\n\n\n<p>A nota informa ainda que o local do acidente foi liberado ainda durante a noite de sexta ap\u00f3s a remo\u00e7\u00e3o do caminh\u00e3o e conclus\u00e3o dos trabalhos de limpeza na via.<\/p>\n\n\n\n<figure class=\"wp-block-image\"><img decoding=\"async\" src=\"https:\/\/s2.glbimg.com\/JfMIUyqc19RtqWfuoA111edDpZc=\/0x0:1280x960\/984x0\/smart\/filters:strip_icc()\/i.s3.glbimg.com\/v1\/AUTH_59edd422c0c84a879bd37670ae4f538a\/internal_photos\/bs\/2019\/d\/E\/wnE5tiT9etw3uA9gDfxw\/palmital3-policia-rodoviaria-3-.jpeg\" alt=\"Segundo a pol\u00edcia, caminh\u00e3o chocou-se contra um muro da pra\u00e7a de ped\u00e1gio por volta das 22h da sexta-feira (29) \u2014 Foto: Pol\u00edcia Rodovi\u00e1ria\/Divulga\u00e7\u00e3o\"\/><\/figure>\n\n\n\n<p>Segundo a pol\u00edcia, caminh\u00e3o chocou-se contra um muro da pra\u00e7a de ped\u00e1gio por volta das 22h da sexta-feira (29) \u2014 Foto: Pol\u00edcia Rodovi\u00e1ria\/Divulga\u00e7\u00e3o<\/p>\n\n\n\n<p>G1<\/p>\n","protected":false},"excerpt":{"rendered":"<p>Acidente foi registrado na Rodovia Raposo Tavares (SP-270), em Palmital (SP). V\u00edtima de 33 anos, que dirigia um caminh\u00e3o com placas de Santa Catarina, morreu no local. Um caminhoneiro de 33 anos morreu depois que bateu o ve\u00edculo contra a mureta de uma pra\u00e7a de ped\u00e1gio na Rodovia Raposo Tavares (SP-270), em Palmital (SP), na [&hellip;]<\/p>\n","protected":false},"author":2,"featured_media":3649,"comment_status":"open","ping_status":"open","sticky":false,"template":"","format":"standard","meta":{"advanced_seo_description":"","jetpack_seo_html_title":"","jetpack_seo_noindex":false,"_jetpack_memberships_contains_paid_content":false,"footnotes":""},"categories":[52],"tags":[],"class_list":{"0":"post-3646","1":"post","2":"type-post","3":"status-publish","4":"format-standard","5":"has-post-thumbnail","7":"category-acidentes"},"jetpack_featured_media_url":"https:\/\/www.paranapraia.com.br\/wp-content\/uploads\/2019\/03\/caminho.jpeg","jetpack_sharing_enabled":true,"_links":{"self":[{"href":"https:\/\/www.paranapraia.com.br\/index.php\/wp-json\/wp\/v2\/posts\/3646"}],"collection":[{"href":"https:\/\/www.paranapraia.com.br\/index.php\/wp-json\/wp\/v2\/posts"}],"about":[{"href":"https:\/\/www.paranapraia.com.br\/index.php\/wp-json\/wp\/v2\/types\/post"}],"author":[{"embeddable":true,"href":"https:\/\/www.paranapraia.com.br\/index.php\/wp-json\/wp\/v2\/users\/2"}],"replies":[{"embeddable":true,"href":"https:\/\/www.paranapraia.com.br\/index.php\/wp-json\/wp\/v2\/comments?post=3646"}],"version-history":[{"count":1,"href":"https:\/\/www.paranapraia.com.br\/index.php\/wp-json\/wp\/v2\/posts\/3646\/revisions"}],"predecessor-version":[{"id":3650,"href":"https:\/\/www.paranapraia.com.br\/index.php\/wp-json\/wp\/v2\/posts\/3646\/revisions\/3650"}],"wp:featuredmedia":[{"embeddable":true,"href":"https:\/\/www.paranapraia.com.br\/index.php\/wp-json\/wp\/v2\/media\/3649"}],"wp:attachment":[{"href":"https:\/\/www.paranapraia.com.br\/index.php\/wp-json\/wp\/v2\/media?parent=3646"}],"wp:term":[{"taxonomy":"category","embeddable":true,"href":"https:\/\/www.paranapraia.com.br\/index.php\/wp-json\/wp\/v2\/categories?post=3646"},{"taxonomy":"post_tag","embeddable":true,"href":"https:\/\/www.paranapraia.com.br\/index.php\/wp-json\/wp\/v2\/tags?post=3646"}],"curies":[{"name":"wp","href":"https:\/\/api.w.org\/{rel}","templated":true}]}}