{"id":36367,"date":"2022-02-10T15:24:57","date_gmt":"2022-02-10T18:24:57","guid":{"rendered":"https:\/\/www.paranapraia.com.br\/?p=36367"},"modified":"2022-02-10T15:25:00","modified_gmt":"2022-02-10T18:25:00","slug":"mais-15-690-casos-e-48-obitos-pela-covid-19-sao-confirmados-no-parana","status":"publish","type":"post","link":"https:\/\/www.paranapraia.com.br\/index.php\/2022\/02\/10\/mais-15-690-casos-e-48-obitos-pela-covid-19-sao-confirmados-no-parana\/","title":{"rendered":"Mais 15.690 casos e 48 \u00f3bitos pela Covid-19 s\u00e3o confirmados no Paran\u00e1"},"content":{"rendered":"\n<p>A secretaria estadual da Sa\u00fade divulgou nesta quinta-feira (10) mais 15.690 casos confirmados e 48 \u00f3bitos em decorr\u00eancia da Covid-19 no Paran\u00e1. Os dados acumulados do monitoramento da doen\u00e7a mostram que o Estado &nbsp;soma 2.143.149 diagn\u00f3sticos e 41.393 mortes, desde o in\u00edcio da pandemia.<\/p>\n\n\n\n<p>Os casos confirmados divulgados nesta quinta-feira s\u00e3o de fevereiro (13.506) e janeiro (2.133) de 2022; dezembro (4), novembro (1), outubro (1), agosto (2), julho (4), junho (4), maio (9), abril (1), mar\u00e7o (2) e janeiro (2) de 2021; dezembro (6), novembro (3), outubro (1) e julho (11) de 2020.<\/p>\n\n\n\n<p>Os \u00f3bitos s\u00e3o de fevereiro (39) e janeiro (9) de 2022.<\/p>\n\n\n\n<p><strong>INTERNADOS \u2013&nbsp;<\/strong>182 pacientes com diagn\u00f3stico confirmado de Covid-19 est\u00e3o internados, todos em leitos SUS (82 em UTI e 100 em leitos cl\u00ednicos\/enfermaria).<\/p>\n\n\n\n<p>H\u00e1 outros 1.377 pacientes internados, 519 em UTI e 858 em enfermaria, que aguardam resultados de exames. Eles est\u00e3o em leitos das redes p\u00fablica e particular e s\u00e3o considerados casos suspeitos de infec\u00e7\u00e3o pelo Sars-CoV-2.<\/p>\n\n\n\n<p><strong>\u00d3BITOS \u2013&nbsp;<\/strong>A Secretaria da Sa\u00fade informa a morte de mais 48 pacientes. S\u00e3o 25 mulheres e 23 homens, com idades que variam entre zero e 92 anos. Os \u00f3bitos ocorreram entre 14 de janeiro a 10 de fevereiro de 2022.<\/p>\n\n\n\n<p>Os pacientes que foram a \u00f3bito residiam em Curitiba (6), Londrina (5), Apucarana (4), Paranava\u00ed (3), Maring\u00e1 (3), Ribeir\u00e3o do Pinhal (2) e Chopinzinho (2). Tamb\u00e9m foi registrada a morte de uma pessoa em cada um dos seguintes munic\u00edpios: Umuarama, S\u00e3o Jos\u00e9 dos Pinhais, S\u00e3o Jer\u00f4nimo da Serra, Sarandi, Rol\u00e2ndia, Pinhais, Palmas, Nova Esperan\u00e7a, Nova Aurora, Jacarezinho, Irati, Imbituva, Foz do Igua\u00e7u, Floresta, Figueira, Fazenda Rio Grande, Dois Vizinhos, Clevel\u00e2ndia, Cascavel, Borraz\u00f3polis, Bituruna, Arauc\u00e1ria e Almirante Tamandar\u00e9.<\/p>\n\n\n\n<p><strong>FORA DO PARAN\u00c1 \u2013&nbsp;<\/strong>O monitoramento registra 10.039 casos de n\u00e3o residentes no Estado, sendo que 225 pessoas foram a \u00f3bito.<\/p>\n\n\n\n<p><strong><a href=\"https:\/\/www.saude.pr.gov.br\/sites\/default\/arquivos_restritos\/files\/documento\/2022-02\/informe_epidemiologico_10_02_2022.pdf\" target=\"_blank\" rel=\"noreferrer noopener\">Confira o informe completo<\/a>.<\/strong><\/p>\n\n\n\n<p><strong>Veja ajustes (exclus\u00f5es e corre\u00e7\u00f5es de munic\u00edpios) no<\/strong>\u00a0<strong><a rel=\"noreferrer noopener\" href=\"https:\/\/www.saude.pr.gov.br\/Noticia\/Mais-156-mil-casos-e-48-obitos-sao-confirmados-pela-Covid-19-no-Parana\" target=\"_blank\">site da Sesa<\/a>.<\/strong><\/p>\n\n\n\n<p>AEN<\/p>\n","protected":false},"excerpt":{"rendered":"<p>A secretaria estadual da Sa\u00fade divulgou nesta quinta-feira (10) mais 15.690 casos confirmados e 48 \u00f3bitos em decorr\u00eancia da Covid-19 no Paran\u00e1. Os dados acumulados do monitoramento da doen\u00e7a mostram que o Estado &nbsp;soma 2.143.149 diagn\u00f3sticos e 41.393 mortes, desde o in\u00edcio da pandemia. Os casos confirmados divulgados nesta quinta-feira s\u00e3o de fevereiro (13.506) e [&hellip;]<\/p>\n","protected":false},"author":2,"featured_media":36368,"comment_status":"open","ping_status":"open","sticky":false,"template":"","format":"standard","meta":{"advanced_seo_description":"","jetpack_seo_html_title":"","jetpack_seo_noindex":false,"_jetpack_memberships_contains_paid_content":false,"footnotes":""},"categories":[40],"tags":[],"class_list":{"0":"post-36367","1":"post","2":"type-post","3":"status-publish","4":"format-standard","5":"has-post-thumbnail","7":"category-destaques"},"jetpack_featured_media_url":"https:\/\/www.paranapraia.com.br\/wp-content\/uploads\/2022\/02\/banner_covid_2021-2.jpg","jetpack_sharing_enabled":true,"_links":{"self":[{"href":"https:\/\/www.paranapraia.com.br\/index.php\/wp-json\/wp\/v2\/posts\/36367"}],"collection":[{"href":"https:\/\/www.paranapraia.com.br\/index.php\/wp-json\/wp\/v2\/posts"}],"about":[{"href":"https:\/\/www.paranapraia.com.br\/index.php\/wp-json\/wp\/v2\/types\/post"}],"author":[{"embeddable":true,"href":"https:\/\/www.paranapraia.com.br\/index.php\/wp-json\/wp\/v2\/users\/2"}],"replies":[{"embeddable":true,"href":"https:\/\/www.paranapraia.com.br\/index.php\/wp-json\/wp\/v2\/comments?post=36367"}],"version-history":[{"count":1,"href":"https:\/\/www.paranapraia.com.br\/index.php\/wp-json\/wp\/v2\/posts\/36367\/revisions"}],"predecessor-version":[{"id":36369,"href":"https:\/\/www.paranapraia.com.br\/index.php\/wp-json\/wp\/v2\/posts\/36367\/revisions\/36369"}],"wp:featuredmedia":[{"embeddable":true,"href":"https:\/\/www.paranapraia.com.br\/index.php\/wp-json\/wp\/v2\/media\/36368"}],"wp:attachment":[{"href":"https:\/\/www.paranapraia.com.br\/index.php\/wp-json\/wp\/v2\/media?parent=36367"}],"wp:term":[{"taxonomy":"category","embeddable":true,"href":"https:\/\/www.paranapraia.com.br\/index.php\/wp-json\/wp\/v2\/categories?post=36367"},{"taxonomy":"post_tag","embeddable":true,"href":"https:\/\/www.paranapraia.com.br\/index.php\/wp-json\/wp\/v2\/tags?post=36367"}],"curies":[{"name":"wp","href":"https:\/\/api.w.org\/{rel}","templated":true}]}}