{"id":36361,"date":"2022-02-10T14:43:57","date_gmt":"2022-02-10T17:43:57","guid":{"rendered":"https:\/\/www.paranapraia.com.br\/?p=36361"},"modified":"2022-02-10T14:44:00","modified_gmt":"2022-02-10T17:44:00","slug":"avo-entra-na-justica-para-tentar-mudar-o-nome-do-neto-registrado-como-lucifer","status":"publish","type":"post","link":"https:\/\/www.paranapraia.com.br\/index.php\/2022\/02\/10\/avo-entra-na-justica-para-tentar-mudar-o-nome-do-neto-registrado-como-lucifer\/","title":{"rendered":"Av\u00f3 entra na Justi\u00e7a para tentar mudar o nome do neto registrado como \u2018L\u00facifer\u2019"},"content":{"rendered":"\n<p>A av\u00f3 de um menino de apenas 10 meses entrou na Justi\u00e7a buscando mudar o nome do beb\u00ea, registrado como L\u00facifer na cidade de Nova Olinda, no interior do Cear\u00e1.<\/p>\n\n\n\n<p>O menino \u00e9 o mais recente batizado com esse nome, que aos olhos da religi\u00e3o crist\u00e3, est\u00e1 associada ao diabo.<\/p>\n\n\n\n<p>A guarda da crian\u00e7a est\u00e1 com a av\u00f3, ap\u00f3s um duplo homic\u00eddio cometido pelo pai.Ele matou a m\u00e3e e o av\u00f4 paterno do beb\u00ea com golpes de machado na zona rural da cidade. O crime ocorreu no dia 27 de maio do ano passado, na casa da fam\u00edlia, quando o pequeno tinha apenas dois meses de vida.<\/p>\n\n\n\n<p>Dois meses depois, o suspeito foi encontrado morto.<\/p>\n\n\n\n<p>Conforme o Minist\u00e9rio P\u00fablico do Estado do Cear\u00e1 (MPCE), a a\u00e7\u00e3o de retifica\u00e7\u00e3o do nome da crian\u00e7a foi ajuizada em junho de 2021, por meio da Promotoria de Justi\u00e7a de Nova Olinda. O processo segue em segredo de justi\u00e7a, como determina a Lei 8.069\/90, que disp\u00f5e sobre o Estatuto da Crian\u00e7a e do Adolescente.<\/p>\n\n\n\n<p>Segundo dados da Associa\u00e7\u00e3o Nacional dos Registradores de Pessoas Naturais (Arpen-Brasil), no per\u00edodo de 2016 a 2021, al\u00e9m do beb\u00ea cearense, outras duas pessoas, ambas do Rio Grande Sul, receberam o mesmo nome.<\/p>\n\n\n\n<p>Fonte indicada e adaptada:&nbsp;<a href=\"https:\/\/g1.globo.com\/ce\/ceara\/noticia\/2022\/02\/01\/avo-entra-na-justica-para-mudar-nome-do-neto-registrado-como-lucifer-no-interior-do-ceara.ghtml?utm_source=facebook&amp;utm_medium=social&amp;utm_campaign=g1&amp;fbclid=IwAR0FI-Wl_wQlBpNaoUvYg1gClCIO-aJ1ZeVtbWTuvWXs1h10j6eca-kYT_M\" rel=\"noreferrer noopener\" target=\"_blank\">G1<\/a><\/p>\n","protected":false},"excerpt":{"rendered":"<p>A av\u00f3 de um menino de apenas 10 meses entrou na Justi\u00e7a buscando mudar o nome do beb\u00ea, registrado como L\u00facifer na cidade de Nova Olinda, no interior do Cear\u00e1. O menino \u00e9 o mais recente batizado com esse nome, que aos olhos da religi\u00e3o crist\u00e3, est\u00e1 associada ao diabo. A guarda da crian\u00e7a est\u00e1 [&hellip;]<\/p>\n","protected":false},"author":2,"featured_media":36362,"comment_status":"open","ping_status":"open","sticky":false,"template":"","format":"standard","meta":{"advanced_seo_description":"","jetpack_seo_html_title":"","jetpack_seo_noindex":false,"_jetpack_memberships_contains_paid_content":false,"footnotes":""},"categories":[40],"tags":[],"class_list":{"0":"post-36361","1":"post","2":"type-post","3":"status-publish","4":"format-standard","5":"has-post-thumbnail","7":"category-destaques"},"jetpack_featured_media_url":"https:\/\/www.paranapraia.com.br\/wp-content\/uploads\/2022\/02\/registro-1643720487.jpg","jetpack_sharing_enabled":true,"_links":{"self":[{"href":"https:\/\/www.paranapraia.com.br\/index.php\/wp-json\/wp\/v2\/posts\/36361"}],"collection":[{"href":"https:\/\/www.paranapraia.com.br\/index.php\/wp-json\/wp\/v2\/posts"}],"about":[{"href":"https:\/\/www.paranapraia.com.br\/index.php\/wp-json\/wp\/v2\/types\/post"}],"author":[{"embeddable":true,"href":"https:\/\/www.paranapraia.com.br\/index.php\/wp-json\/wp\/v2\/users\/2"}],"replies":[{"embeddable":true,"href":"https:\/\/www.paranapraia.com.br\/index.php\/wp-json\/wp\/v2\/comments?post=36361"}],"version-history":[{"count":1,"href":"https:\/\/www.paranapraia.com.br\/index.php\/wp-json\/wp\/v2\/posts\/36361\/revisions"}],"predecessor-version":[{"id":36363,"href":"https:\/\/www.paranapraia.com.br\/index.php\/wp-json\/wp\/v2\/posts\/36361\/revisions\/36363"}],"wp:featuredmedia":[{"embeddable":true,"href":"https:\/\/www.paranapraia.com.br\/index.php\/wp-json\/wp\/v2\/media\/36362"}],"wp:attachment":[{"href":"https:\/\/www.paranapraia.com.br\/index.php\/wp-json\/wp\/v2\/media?parent=36361"}],"wp:term":[{"taxonomy":"category","embeddable":true,"href":"https:\/\/www.paranapraia.com.br\/index.php\/wp-json\/wp\/v2\/categories?post=36361"},{"taxonomy":"post_tag","embeddable":true,"href":"https:\/\/www.paranapraia.com.br\/index.php\/wp-json\/wp\/v2\/tags?post=36361"}],"curies":[{"name":"wp","href":"https:\/\/api.w.org\/{rel}","templated":true}]}}