{"id":36358,"date":"2022-02-10T14:41:29","date_gmt":"2022-02-10T17:41:29","guid":{"rendered":"https:\/\/www.paranapraia.com.br\/?p=36358"},"modified":"2022-02-10T14:41:31","modified_gmt":"2022-02-10T17:41:31","slug":"corpo-de-idosa-e-achado-em-uma-cadeira-dois-anos-apos-sua-morte","status":"publish","type":"post","link":"https:\/\/www.paranapraia.com.br\/index.php\/2022\/02\/10\/corpo-de-idosa-e-achado-em-uma-cadeira-dois-anos-apos-sua-morte\/","title":{"rendered":"Corpo de idosa \u00e9 achado em uma cadeira dois anos ap\u00f3s sua morte"},"content":{"rendered":"\n<p>Marinella Beretta, que n\u00e3o tinha parentes pr\u00f3ximos, foi encontrada na sexta-feira em sua casa em Prestino, perto do lago de Como, na Lombardia, norte da It\u00e1lia.<\/p>\n\n\n\n<p>Ap\u00f3s ser alertada para o risco de queda de \u00e1rvores em seu jardim, a pol\u00edcia encontrou o corpo ao n\u00e3o obter resposta a chamados e batidas em sua porta.<\/p>\n\n\n\n<p>Os vizinhos n\u00e3o a viam havia pelo menos dois anos e meio, segundo relatos da imprensa local.<\/p>\n\n\n\n<p>\u201cO que aconteceu com Marinella Beretta em Como, a solid\u00e3o, o esquecimento, fere nossas consci\u00eancias\u201d, reagiu na segunda-feira em uma publica\u00e7\u00e3o no Facebook a ministra italiana da Fam\u00edlia, Elena Bonetti.<\/p>\n\n\n\n<p>\u201cUma comunidade que quer ser unida, tem o dever de lembrar a vida. Devemos parar de limitar nossos horizontes \u00e0 esfera privada e restabelecer os la\u00e7os que nos unem (\u2026) Ningu\u00e9m deve ser deixado sozinho\u201d, escreveu.<\/p>\n\n\n\n<p>Estimou-se em 2018 que na It\u00e1lia, quase 40% das pessoas com mais de 75 anos vivem sozinhas, sem apoio, fam\u00edlia ou aqueles com quem conversar ou pedir ajuda.<\/p>\n\n\n\n<p>\u201cMeretta foi a \u201cencarna\u00e7\u00e3o da solid\u00e3o\u201d, escreveu o colunista Massimo Gramellini. \u201cMuitos de n\u00f3s ainda temos lembran\u00e7as das grandes fam\u00edlias da It\u00e1lia rural. Agora, a fam\u00edlia moderna encolheu (\u2026) As pessoas morrem sozinhas. E vivemos sozinhos, o que \u00e9 quase pior\u201d, disse ele.<\/p>\n\n\n\n<p>Os vizinhos de Beretta disseram achar que ela havia se mudado por causa da pandemia de covid-19, que atingiu a It\u00e1lia no in\u00edcio de 2020.<\/p>\n\n\n\n<p>\u201cA misteriosa vida invis\u00edvel de Marinella atr\u00e1s da porta fechada de sua casa nos deixa uma terr\u00edvel li\u00e7\u00e3o. A grande tristeza n\u00e3o \u00e9 que n\u00e3o tenham percebido sua morte. \u00c9 n\u00e3o terem notado que ela estava viva\u201d, destacou o jornal romano Il Messaggero.<\/p>\n\n\n\n<p>Fonte indicada e adaptada:&nbsp;<a href=\"https:\/\/www.msn.com\/pt-br\/noticias\/mundo\/corpo-de-idosa-italiana-%C3%A9-encontrado-em-uma-cadeira-dois-anos-ap%C3%B3s-sua-morte\/ar-AATCm63?ocid=msedgntp\" rel=\"noreferrer noopener\" target=\"_blank\">MSN<\/a><\/p>\n","protected":false},"excerpt":{"rendered":"<p>Marinella Beretta, que n\u00e3o tinha parentes pr\u00f3ximos, foi encontrada na sexta-feira em sua casa em Prestino, perto do lago de Como, na Lombardia, norte da It\u00e1lia. Ap\u00f3s ser alertada para o risco de queda de \u00e1rvores em seu jardim, a pol\u00edcia encontrou o corpo ao n\u00e3o obter resposta a chamados e batidas em sua porta. [&hellip;]<\/p>\n","protected":false},"author":2,"featured_media":36359,"comment_status":"open","ping_status":"open","sticky":false,"template":"","format":"standard","meta":{"advanced_seo_description":"","jetpack_seo_html_title":"","jetpack_seo_noindex":false,"_jetpack_memberships_contains_paid_content":false,"footnotes":""},"categories":[40],"tags":[],"class_list":{"0":"post-36358","1":"post","2":"type-post","3":"status-publish","4":"format-standard","5":"has-post-thumbnail","7":"category-destaques"},"jetpack_featured_media_url":"https:\/\/www.paranapraia.com.br\/wp-content\/uploads\/2022\/02\/067d1b0cc2cf4e6b3dab431abe93c909370371d7-768x432-1.jpg","jetpack_sharing_enabled":true,"_links":{"self":[{"href":"https:\/\/www.paranapraia.com.br\/index.php\/wp-json\/wp\/v2\/posts\/36358"}],"collection":[{"href":"https:\/\/www.paranapraia.com.br\/index.php\/wp-json\/wp\/v2\/posts"}],"about":[{"href":"https:\/\/www.paranapraia.com.br\/index.php\/wp-json\/wp\/v2\/types\/post"}],"author":[{"embeddable":true,"href":"https:\/\/www.paranapraia.com.br\/index.php\/wp-json\/wp\/v2\/users\/2"}],"replies":[{"embeddable":true,"href":"https:\/\/www.paranapraia.com.br\/index.php\/wp-json\/wp\/v2\/comments?post=36358"}],"version-history":[{"count":1,"href":"https:\/\/www.paranapraia.com.br\/index.php\/wp-json\/wp\/v2\/posts\/36358\/revisions"}],"predecessor-version":[{"id":36360,"href":"https:\/\/www.paranapraia.com.br\/index.php\/wp-json\/wp\/v2\/posts\/36358\/revisions\/36360"}],"wp:featuredmedia":[{"embeddable":true,"href":"https:\/\/www.paranapraia.com.br\/index.php\/wp-json\/wp\/v2\/media\/36359"}],"wp:attachment":[{"href":"https:\/\/www.paranapraia.com.br\/index.php\/wp-json\/wp\/v2\/media?parent=36358"}],"wp:term":[{"taxonomy":"category","embeddable":true,"href":"https:\/\/www.paranapraia.com.br\/index.php\/wp-json\/wp\/v2\/categories?post=36358"},{"taxonomy":"post_tag","embeddable":true,"href":"https:\/\/www.paranapraia.com.br\/index.php\/wp-json\/wp\/v2\/tags?post=36358"}],"curies":[{"name":"wp","href":"https:\/\/api.w.org\/{rel}","templated":true}]}}