{"id":36355,"date":"2022-02-10T10:54:57","date_gmt":"2022-02-10T13:54:57","guid":{"rendered":"https:\/\/www.paranapraia.com.br\/?p=36355"},"modified":"2022-02-10T10:55:00","modified_gmt":"2022-02-10T13:55:00","slug":"radio-da-portos-do-parana-leva-noticias-e-orientacoes-aos-motoristas-no-patio-de-triagem","status":"publish","type":"post","link":"https:\/\/www.paranapraia.com.br\/index.php\/2022\/02\/10\/radio-da-portos-do-parana-leva-noticias-e-orientacoes-aos-motoristas-no-patio-de-triagem\/","title":{"rendered":"R\u00e1dio da Portos do Paran\u00e1 leva not\u00edcias e orienta\u00e7\u00f5es aos motoristas no P\u00e1tio de Triagem"},"content":{"rendered":"\n<p>Os caminhoneiros que chegam ao P\u00e1tio de Triagem do Porto de Paranagu\u00e1 e aguardam para passar pelo Posto de Classifica\u00e7\u00e3o de Produtos e descarregar gran\u00e9is s\u00f3lidos \u2013 como soja, farelo de soja e milho \u2013 podem acompanhar not\u00edcias voltadas \u00e0 categoria pela R\u00e1dio Portos PR.<\/p>\n\n\n\n<p>Com uma programa\u00e7\u00e3o diversificada, a r\u00e1dio criada pelos portos paranaenses possui foco em not\u00edcias da atividade portu\u00e1ria, dicas de economia, de tr\u00e2nsito e de sa\u00fade. Por ser dedicada a motoristas, parte da programa\u00e7\u00e3o tamb\u00e9m aborda a seguran\u00e7a nas rodovias e passa recados educativos envolvendo as normas de tr\u00e1fego na \u00e1rea de cais.<\/p>\n\n\n\n<p>\u201cEsse \u00e9 mais um canal de comunica\u00e7\u00e3o que a Portos do Paran\u00e1 estabelece com os caminhoneiros. A classe est\u00e1 diretamente envolvida na atividade portu\u00e1ria e grande parte dos motoristas passa obrigatoriamente pelo P\u00e1tio de Triagem\u201d, explica o diretor-presidente da Portos do Paran\u00e1, Luiz Fernando Garcia.<\/p>\n\n\n\n<p>Ainda segundo ele, a r\u00e1dio \u00e9 um servi\u00e7o de informa\u00e7\u00e3o \u00fatil para os caminhoneiros durante o per\u00edodo de espera da classifica\u00e7\u00e3o dos produtos. \u201cAo chegarem ao P\u00e1tio de Triagem, os motoristas aguardam para passar pela classifica\u00e7\u00e3o obrigat\u00f3ria de gr\u00e3os antes de terem autoriza\u00e7\u00e3o para seguirem para os terminais dos operadores portu\u00e1rios\u201d, diz.<\/p>\n\n\n\n<p><strong>A R\u00c1DIO&nbsp;<\/strong>\u2013 O novo canal de comunica\u00e7\u00e3o da Portos do Paran\u00e1 ter\u00e1 a programa\u00e7\u00e3o exibida no sistema de som do P\u00e1tio de Triagem utilizado para orientar os motoristas. A transmiss\u00e3o ser\u00e1 de segunda a sexta-feira, das 7h \u00e0s 22h, alcan\u00e7ando at\u00e9 2.500 motoristas, por dia, no per\u00edodo de safra.<\/p>\n\n\n\n<p>\u201cPara n\u00f3s motoristas qualquer tipo de informa\u00e7\u00e3o que traga benef\u00edcio para a categoria \u00e9 importante\u201d, afirma o caminhoneiro Emerson Bahls, de Ponta Grossa. \u201cPrincipalmente como est\u00e3o as vias, como chegar ao terminal, sobre a descarga e as condi\u00e7\u00f5es de tr\u00e2nsito em si\u201d, destaca o profissional.<\/p>\n\n\n\n<p><strong>P\u00c1TIO DE TRIAGEM&nbsp;<\/strong>\u2013 Com 330 mil metros quadrados e capacidade para receber 1.000 caminh\u00f5es simultaneamente, o P\u00e1tio de Triagem da Portos do Paran\u00e1 possui infraestrutura com 20 banheiros, entre masculinos e femininos, com&nbsp;chuveiros para banho; lanchonetes, escrit\u00f3rios das empresas prestadoras de servi\u00e7o, equipes de limpeza, portaria e seguran\u00e7a 24 horas, duas academias ao ar livre, borracharia e mec\u00e2nica.<\/p>\n\n\n\n<p>O acesso ao p\u00e1tio ocorre por janelas de agendamento para os caminh\u00f5es, a partir de um controle do fluxo de ve\u00edculos atrav\u00e9s de cotas di\u00e1rias, dentro do sistema Carga On Line, e aten\u00e7\u00e3o \u00e0 performance de cada terminal.<\/p>\n\n\n\n<p>AEN<\/p>\n","protected":false},"excerpt":{"rendered":"<p>Os caminhoneiros que chegam ao P\u00e1tio de Triagem do Porto de Paranagu\u00e1 e aguardam para passar pelo Posto de Classifica\u00e7\u00e3o de Produtos e descarregar gran\u00e9is s\u00f3lidos \u2013 como soja, farelo de soja e milho \u2013 podem acompanhar not\u00edcias voltadas \u00e0 categoria pela R\u00e1dio Portos PR. Com uma programa\u00e7\u00e3o diversificada, a r\u00e1dio criada pelos portos paranaenses [&hellip;]<\/p>\n","protected":false},"author":2,"featured_media":36356,"comment_status":"open","ping_status":"open","sticky":false,"template":"","format":"standard","meta":{"advanced_seo_description":"","jetpack_seo_html_title":"","jetpack_seo_noindex":false,"_jetpack_memberships_contains_paid_content":false,"footnotes":""},"categories":[40],"tags":[],"class_list":{"0":"post-36355","1":"post","2":"type-post","3":"status-publish","4":"format-standard","5":"has-post-thumbnail","7":"category-destaques"},"jetpack_featured_media_url":"https:\/\/www.paranapraia.com.br\/wp-content\/uploads\/2022\/02\/patio4-scaled.jpg","jetpack_sharing_enabled":true,"_links":{"self":[{"href":"https:\/\/www.paranapraia.com.br\/index.php\/wp-json\/wp\/v2\/posts\/36355"}],"collection":[{"href":"https:\/\/www.paranapraia.com.br\/index.php\/wp-json\/wp\/v2\/posts"}],"about":[{"href":"https:\/\/www.paranapraia.com.br\/index.php\/wp-json\/wp\/v2\/types\/post"}],"author":[{"embeddable":true,"href":"https:\/\/www.paranapraia.com.br\/index.php\/wp-json\/wp\/v2\/users\/2"}],"replies":[{"embeddable":true,"href":"https:\/\/www.paranapraia.com.br\/index.php\/wp-json\/wp\/v2\/comments?post=36355"}],"version-history":[{"count":1,"href":"https:\/\/www.paranapraia.com.br\/index.php\/wp-json\/wp\/v2\/posts\/36355\/revisions"}],"predecessor-version":[{"id":36357,"href":"https:\/\/www.paranapraia.com.br\/index.php\/wp-json\/wp\/v2\/posts\/36355\/revisions\/36357"}],"wp:featuredmedia":[{"embeddable":true,"href":"https:\/\/www.paranapraia.com.br\/index.php\/wp-json\/wp\/v2\/media\/36356"}],"wp:attachment":[{"href":"https:\/\/www.paranapraia.com.br\/index.php\/wp-json\/wp\/v2\/media?parent=36355"}],"wp:term":[{"taxonomy":"category","embeddable":true,"href":"https:\/\/www.paranapraia.com.br\/index.php\/wp-json\/wp\/v2\/categories?post=36355"},{"taxonomy":"post_tag","embeddable":true,"href":"https:\/\/www.paranapraia.com.br\/index.php\/wp-json\/wp\/v2\/tags?post=36355"}],"curies":[{"name":"wp","href":"https:\/\/api.w.org\/{rel}","templated":true}]}}