{"id":3632,"date":"2019-03-30T16:34:19","date_gmt":"2019-03-30T19:34:19","guid":{"rendered":"https:\/\/www.paranapraia.com.br\/?p=3632"},"modified":"2019-03-30T16:34:20","modified_gmt":"2019-03-30T19:34:20","slug":"bombeiros-que-atuaram-em-brumadinho-embarcam-para-mocambique-onde-ciclone-matou-centenas-de-pessoas","status":"publish","type":"post","link":"https:\/\/www.paranapraia.com.br\/index.php\/2019\/03\/30\/bombeiros-que-atuaram-em-brumadinho-embarcam-para-mocambique-onde-ciclone-matou-centenas-de-pessoas\/","title":{"rendered":"Bombeiros que atuaram em Brumadinho embarcam para Mo\u00e7ambique onde ciclone matou centenas de pessoas"},"content":{"rendered":"\n<h4 class=\"wp-block-heading\">Militares chegam no domingo (31) no pa\u00eds africano; miss\u00e3o deve durar 15 dias.<\/h4>\n\n\n\n<p>Uma tropa de 20 bombeiros de Minas Gerais que atuaram nos trabalhos de busca da&nbsp;<a href=\"https:\/\/g1.globo.com\/mg\/minas-gerais\/noticia\/2019\/03\/29\/brumadinho-sobe-para-217-o-numero-de-mortos-identificados-em-tragedia-da-vale.ghtml\">trag\u00e9dia de Brumadinho<\/a>, embarcou na noite desta sexta-feira do Aeroporto da Pampulha em Belo Horizonte, para Mo\u00e7ambique, pa\u00eds arrasado pelo&nbsp;<a href=\"https:\/\/g1.globo.com\/mundo\/noticia\/2019\/03\/20\/povo-de-beira-esta-jogado-a-propria-sorte-diz-brasileiro-que-visitava-mocambique-na-passagem-do-ciclone.ghtml\">ciclone Idai<\/a>.<\/p>\n\n\n\n<p>A viagem at\u00e9 o destino final ser\u00e1 longa, com cerca de 22 horas de voo. Antes de chegar na tarde de domingo em Beira, eles ir\u00e3o passar por Recife para abastecimento e troca da tripula\u00e7\u00e3o, e depois em Gana e Angola.<\/p>\n\n\n\n<p>Quer emagrecer, sugerimos que acesse esse link para saber mais sobre essa dica que realmente tem resultados incr\u00edveis: <\/p>\n\n\n\n<p>A miss\u00e3o foi articulada pelo Governo Federal, atrav\u00e9s do Minist\u00e9rio das Rela\u00e7\u00f5es Exteriores. Os militares mineiros s\u00e3o especialistas em opera\u00e7\u00f5es de busca, salvamento e gest\u00e3o de desastre. A previs\u00e3o de participa\u00e7\u00e3o na Opera\u00e7\u00e3o \u00c1frica \u00e9 de 15 dias.<\/p>\n\n\n\n<p>Al\u00e9m dos militares mineiros, outros 20 homens da For\u00e7a Nacional de Seguran\u00e7a partir\u00e3o na mesma miss\u00e3o. Eles ir\u00e3o em duas aeronaves C-130 Hercules da For\u00e7a A\u00e9rea Brasileira, com 20 toneladas de materiais.<\/p>\n\n\n\n<p>Entre os materiais transportados est\u00e3o \u00e1gua pot\u00e1vel, ve\u00edculos de transporte como camionetes e botes motorizados, barracas, geradores, torres de energia, macas, equipamentos de mergulho, al\u00e9m de ferramentas como motosserras, p\u00e1s e enxadas.&nbsp;<a href=\"https:\/\/g1.globo.com\/ciencia-e-saude\/noticia\/2019\/03\/28\/brasil-enviara-870-quilos-de-remedios-e-insumos-para-ajuda-humanitaria-em-mocambique.ghtml\">Um carregamento do Minist\u00e9rio da Sa\u00fade tamb\u00e9m ser\u00e1 levado, com medicamentos e insumos.<\/a><\/p>\n\n\n\n<p>A tropa ficar\u00e1 estabelecida na regi\u00e3o das cidades de Beira e Dondo, em Mo\u00e7ambique, locais severamente destru\u00eddos pelo ciclone.<\/p>\n\n\n\n<figure class=\"wp-block-image\"><img decoding=\"async\" src=\"https:\/\/s2.glbimg.com\/_EqkgqoGdgeu2qlSWeaspo84Nv8=\/0x0:1280x719\/984x0\/smart\/filters:strip_icc()\/i.s3.glbimg.com\/v1\/AUTH_59edd422c0c84a879bd37670ae4f538a\/internal_photos\/bs\/2019\/z\/l\/ID0b2iTlG82HzlkTBtBA\/bombeiros.jpg\" alt=\"Vinte militares de MG ir\u00e3o para Mo\u00e7ambique.  \u2014 Foto: Divulga\u00e7\u00e3o\/Bombeiros MG\"\/><\/figure>\n\n\n\n<p>Vinte militares de MG ir\u00e3o para Mo\u00e7ambique. \u2014 Foto: Divulga\u00e7\u00e3o\/Bombeiros MG<\/p>\n\n\n\n<h2 class=\"wp-block-heading\">C\u00f3lera ap\u00f3s ciclone<\/h2>\n\n\n\n<p>Autoridades mo\u00e7ambicanas confirmaram, nesta quarta-feira (27),&nbsp;<a href=\"https:\/\/g1.globo.com\/mundo\/noticia\/2019\/03\/27\/mocambique-confirma-primeiros-casos-de-colera-apos-passagem-de-ciclone-idai.ghtml\">o registro de cinco casos de c\u00f3lera ap\u00f3s a passagem do ciclone Idai,&nbsp;<\/a>no dia 14, que afetou cerca de 1,85 milh\u00e3o de pessoas e deixou mais de 460 mortos no pa\u00eds. Al\u00e9m da doen\u00e7a, os moradores da regi\u00e3o ainda enfrentam escassez de alimentos, \u00e1gua e outros itens essenciais.<\/p>\n\n\n\n<p>Com ventos de mais de 170 km\/h, ele danificou casas, provocou inunda\u00e7\u00f5es e deixou destru\u00edda 90% cidade portu\u00e1ria de Beira, a segunda maior do pa\u00eds.<\/p>\n\n\n\n<p>Em seguida, o ciclone passou por Zimb\u00e1bue e Malau\u00ed, pa\u00edses vizinhos. Mais de 700 pessoas morreram e centenas est\u00e3o desaparecidas. S\u00f3 em Mo\u00e7ambique, este n\u00famero chega a quase 470.<\/p>\n\n\n\n<figure class=\"wp-block-image\"><img decoding=\"async\" src=\"https:\/\/s2.glbimg.com\/hksrG9I9T6aQEkxu4rlppu7gXtA=\/0x0:1600x2262\/984x0\/smart\/filters:strip_icc()\/i.s3.glbimg.com\/v1\/AUTH_59edd422c0c84a879bd37670ae4f538a\/internal_photos\/bs\/2019\/0\/B\/lijh6BSqSgRfhSXELPrA\/ciclone-idai-caminho.jpg\" alt=\"Ciclone Idai atinge Mo\u00e7ambique e afeta outros dois pa\u00edses da \u00c1frica \u2014 Foto: Rodrigo Sanches\/G1\"\/><\/figure>\n\n\n\n<p>Ciclone Idai atinge Mo\u00e7ambique e afeta outros dois pa\u00edses da \u00c1frica \u2014 Foto: Rodrigo Sanches\/G1<\/p>\n\n\n\n<p>G1<\/p>\n","protected":false},"excerpt":{"rendered":"<p>Militares chegam no domingo (31) no pa\u00eds africano; miss\u00e3o deve durar 15 dias. Uma tropa de 20 bombeiros de Minas Gerais que atuaram nos trabalhos de busca da&nbsp;trag\u00e9dia de Brumadinho, embarcou na noite desta sexta-feira do Aeroporto da Pampulha em Belo Horizonte, para Mo\u00e7ambique, pa\u00eds arrasado pelo&nbsp;ciclone Idai. A viagem at\u00e9 o destino final ser\u00e1 [&hellip;]<\/p>\n","protected":false},"author":2,"featured_media":3635,"comment_status":"open","ping_status":"open","sticky":false,"template":"","format":"standard","meta":{"advanced_seo_description":"","jetpack_seo_html_title":"","jetpack_seo_noindex":false,"_jetpack_memberships_contains_paid_content":false,"footnotes":""},"categories":[40],"tags":[],"class_list":{"0":"post-3632","1":"post","2":"type-post","3":"status-publish","4":"format-standard","5":"has-post-thumbnail","7":"category-destaques"},"jetpack_featured_media_url":"https:\/\/www.paranapraia.com.br\/wp-content\/uploads\/2019\/03\/bomb.jpg","jetpack_sharing_enabled":true,"_links":{"self":[{"href":"https:\/\/www.paranapraia.com.br\/index.php\/wp-json\/wp\/v2\/posts\/3632"}],"collection":[{"href":"https:\/\/www.paranapraia.com.br\/index.php\/wp-json\/wp\/v2\/posts"}],"about":[{"href":"https:\/\/www.paranapraia.com.br\/index.php\/wp-json\/wp\/v2\/types\/post"}],"author":[{"embeddable":true,"href":"https:\/\/www.paranapraia.com.br\/index.php\/wp-json\/wp\/v2\/users\/2"}],"replies":[{"embeddable":true,"href":"https:\/\/www.paranapraia.com.br\/index.php\/wp-json\/wp\/v2\/comments?post=3632"}],"version-history":[{"count":1,"href":"https:\/\/www.paranapraia.com.br\/index.php\/wp-json\/wp\/v2\/posts\/3632\/revisions"}],"predecessor-version":[{"id":3636,"href":"https:\/\/www.paranapraia.com.br\/index.php\/wp-json\/wp\/v2\/posts\/3632\/revisions\/3636"}],"wp:featuredmedia":[{"embeddable":true,"href":"https:\/\/www.paranapraia.com.br\/index.php\/wp-json\/wp\/v2\/media\/3635"}],"wp:attachment":[{"href":"https:\/\/www.paranapraia.com.br\/index.php\/wp-json\/wp\/v2\/media?parent=3632"}],"wp:term":[{"taxonomy":"category","embeddable":true,"href":"https:\/\/www.paranapraia.com.br\/index.php\/wp-json\/wp\/v2\/categories?post=3632"},{"taxonomy":"post_tag","embeddable":true,"href":"https:\/\/www.paranapraia.com.br\/index.php\/wp-json\/wp\/v2\/tags?post=3632"}],"curies":[{"name":"wp","href":"https:\/\/api.w.org\/{rel}","templated":true}]}}