{"id":3628,"date":"2019-03-30T16:30:45","date_gmt":"2019-03-30T19:30:45","guid":{"rendered":"https:\/\/www.paranapraia.com.br\/?p=3628"},"modified":"2019-03-30T16:30:46","modified_gmt":"2019-03-30T19:30:46","slug":"mulher-diz-que-para-defende-la-motorista-de-aplicativo-esfaqueou-seu-marido","status":"publish","type":"post","link":"https:\/\/www.paranapraia.com.br\/index.php\/2019\/03\/30\/mulher-diz-que-para-defende-la-motorista-de-aplicativo-esfaqueou-seu-marido\/","title":{"rendered":"Mulher diz que para defend\u00ea-la, motorista de aplicativo esfaqueou seu marido"},"content":{"rendered":"\n<p>Um homem de 53 anos ficou ferido com gravidade no in\u00edcio da tarde deste s\u00e1bado (30), ap\u00f3s ser esfaqueado, na casa em que morava, na Rua Geraldo Felisberto da Silva, em S\u00e3o Jos\u00e9 dos Pinhais. A v\u00edtima precisou ser encaminhada de helic\u00f3ptero at\u00e9 o Hospital Cajuru, e corre risco de morte.<\/p>\n\n\n\n<p>Saiba mais sobre esse importante curso que acontecer\u00e1 no pr\u00f3ximo m\u00eas, ser\u00e1 incr\u00edvel esperamos voc\u00ea l\u00e1: <\/p>\n\n\n\n<p>De acordo com as informa\u00e7\u00f5es da Guarda Municipal de S\u00e3o Jos\u00e9 dos Pinhais, que atendeu a ocorr\u00eancia, o caso ser\u00e1 investigado, mas a vers\u00e3o contada pela esposa da v\u00edtima, uma mulher de 40 anos, \u201cos autores da facada seriam motoristas de um aplicativo de transporte n\u00e3o cadastrado\u201d.<\/p>\n\n\n\n<p>A mulher afirmou aos GMs que \u201cn\u00e3o estava em casa e que acionou o transporte por um aplicativo que n\u00e3o \u00e9 cadastrado para se deslocar at\u00e9 o endere\u00e7o citado. Quando o carro chegou era um Gol de cor verde com dois homens, que a levaram at\u00e9 a casa da v\u00edtima\u201d.<\/p>\n\n\n\n<p>Quando eles chegaram ao local, teria havido um desentendimento entre a mulher e a v\u00edtima, que segundo ela, \u201cn\u00e3o queria abrir a porta para ela entrar, n\u00e3o queria que ela ficasse l\u00e1\u201d.<\/p>\n\n\n\n<p>Ainda conforme o relato da mulher para a GM, \u201cos dois homens do suposto aplicativo teriam ent\u00e3o interferido na situa\u00e7\u00e3o e esfaqueado o dono da casa\u201d.<\/p>\n\n\n\n<p>O Siate foi acionado e ap\u00f3s os primeiros socorros, devido \u00e0 gravidade dos ferimentos, chamou o helic\u00f3ptero para transportar o homem com maior agilidade ao hospital.<\/p>\n\n\n\n<p>A GM deu apoio a a\u00e7\u00e3o bloqueando o tr\u00e1fego de ve\u00edculos na BR-277 para pouso do helic\u00f3ptero.<\/p>\n\n\n\n<p>Ap\u00f3s o crime, os dois homens fugiram e n\u00e3o foram mais localizados. A pol\u00edcia investiga o caso.<\/p>\n\n\n\n<p>Colabora\u00e7\u00e3o Dana\u00ea Bubalo\/Rede Massa\/Guarda Municipal de S\u00e3o Jos\u00e9 dos Pinhais<\/p>\n","protected":false},"excerpt":{"rendered":"<p>Um homem de 53 anos ficou ferido com gravidade no in\u00edcio da tarde deste s\u00e1bado (30), ap\u00f3s ser esfaqueado, na casa em que morava, na Rua Geraldo Felisberto da Silva, em S\u00e3o Jos\u00e9 dos Pinhais. A v\u00edtima precisou ser encaminhada de helic\u00f3ptero at\u00e9 o Hospital Cajuru, e corre risco de morte. Saiba mais sobre esse [&hellip;]<\/p>\n","protected":false},"author":2,"featured_media":3629,"comment_status":"open","ping_status":"open","sticky":false,"template":"","format":"standard","meta":{"advanced_seo_description":"","jetpack_seo_html_title":"","jetpack_seo_noindex":false,"_jetpack_memberships_contains_paid_content":false,"footnotes":""},"categories":[33],"tags":[],"class_list":{"0":"post-3628","1":"post","2":"type-post","3":"status-publish","4":"format-standard","5":"has-post-thumbnail","7":"category-policia"},"jetpack_featured_media_url":"https:\/\/www.paranapraia.com.br\/wp-content\/uploads\/2019\/03\/mulh.jpg","jetpack_sharing_enabled":true,"_links":{"self":[{"href":"https:\/\/www.paranapraia.com.br\/index.php\/wp-json\/wp\/v2\/posts\/3628"}],"collection":[{"href":"https:\/\/www.paranapraia.com.br\/index.php\/wp-json\/wp\/v2\/posts"}],"about":[{"href":"https:\/\/www.paranapraia.com.br\/index.php\/wp-json\/wp\/v2\/types\/post"}],"author":[{"embeddable":true,"href":"https:\/\/www.paranapraia.com.br\/index.php\/wp-json\/wp\/v2\/users\/2"}],"replies":[{"embeddable":true,"href":"https:\/\/www.paranapraia.com.br\/index.php\/wp-json\/wp\/v2\/comments?post=3628"}],"version-history":[{"count":1,"href":"https:\/\/www.paranapraia.com.br\/index.php\/wp-json\/wp\/v2\/posts\/3628\/revisions"}],"predecessor-version":[{"id":3630,"href":"https:\/\/www.paranapraia.com.br\/index.php\/wp-json\/wp\/v2\/posts\/3628\/revisions\/3630"}],"wp:featuredmedia":[{"embeddable":true,"href":"https:\/\/www.paranapraia.com.br\/index.php\/wp-json\/wp\/v2\/media\/3629"}],"wp:attachment":[{"href":"https:\/\/www.paranapraia.com.br\/index.php\/wp-json\/wp\/v2\/media?parent=3628"}],"wp:term":[{"taxonomy":"category","embeddable":true,"href":"https:\/\/www.paranapraia.com.br\/index.php\/wp-json\/wp\/v2\/categories?post=3628"},{"taxonomy":"post_tag","embeddable":true,"href":"https:\/\/www.paranapraia.com.br\/index.php\/wp-json\/wp\/v2\/tags?post=3628"}],"curies":[{"name":"wp","href":"https:\/\/api.w.org\/{rel}","templated":true}]}}