{"id":36264,"date":"2022-02-04T10:54:51","date_gmt":"2022-02-04T13:54:51","guid":{"rendered":"https:\/\/www.paranapraia.com.br\/?p=36264"},"modified":"2022-02-04T10:54:52","modified_gmt":"2022-02-04T13:54:52","slug":"municipio-de-guaratuba-adere-formalmente-ao-programa-forca-tarefa-infancia-segura","status":"publish","type":"post","link":"https:\/\/www.paranapraia.com.br\/index.php\/2022\/02\/04\/municipio-de-guaratuba-adere-formalmente-ao-programa-forca-tarefa-infancia-segura\/","title":{"rendered":"Munic\u00edpio de Guaratuba adere formalmente ao programa For\u00e7a-Tarefa Inf\u00e2ncia Segura"},"content":{"rendered":"\n<p>O munic\u00edpio de Guaratuba, no Litoral, vai aderir formalmente nesta sexta-feira (04) ao programa For\u00e7a-Tarefa Inf\u00e2ncia Segura (Fortis), da Secretaria da Justi\u00e7a, Fam\u00edlia e Trabalho (Sejuf), com o objetivo de prevenir a viol\u00eancia contra crian\u00e7as e adolescentes.<\/p>\n\n\n\n<p>O programa atua em conjunto com os \u00f3rg\u00e3os p\u00fablicos, entidades, comerciantes e a comunidade em geral para intensificar a\u00e7\u00f5es efetivas de preven\u00e7\u00e3o e combate \u00e0 viol\u00eancia contra as crian\u00e7as do Litoral.<\/p>\n\n\n\n<p>De acordo com o secret\u00e1rio Ney Leprevost, o objetivo \u00e9 motivar o envolvimento da popula\u00e7\u00e3o em a\u00e7\u00f5es de apoio \u00e0s for\u00e7as de seguran\u00e7a e \u00f3rg\u00e3os respons\u00e1veis pela prote\u00e7\u00e3o \u00e0 inf\u00e2ncia. \u201cAl\u00e9m de refor\u00e7ar as a\u00e7\u00f5es dos \u00f3rg\u00e3os respons\u00e1veis, contamos com a sociedade em geral para que denuncie as situa\u00e7\u00f5es de abuso e abandono, pelo telefone 181. Entendemos que toda a sociedade deve ajudar no bem-estar das nossas crian\u00e7as\u201d, disse.<\/p>\n\n\n\n<p>Do ponto de vista pr\u00e1tico, o secret\u00e1rio explica que a ideia \u00e9 tornar a busca por socorro mais pr\u00f3xima da comunidade. \u201cEssa for\u00e7a-tarefa estar\u00e1 circulando perto das praias e nas vias de maior movimento, para alertar os pais e a pr\u00f3pria pol\u00edcia sobre os cuidados que devem existir com as crian\u00e7as. Nossa equipe est\u00e1 devidamente uniformizada com um colete amarelo da Fortis e preparada para encaminhar a busca da solu\u00e7\u00e3o para as autoridades. \u00c9 uma esp\u00e9cie de mutir\u00e3o que fazemos para proteger as crian\u00e7as em local de maior concentra\u00e7\u00e3o de pessoas, ou de perigo\u201d, explicou.<\/p>\n\n\n\n<p>Para o chefe do Departamento de Justi\u00e7a da Sejuf, S\u00edlvio Jardim, a a\u00e7\u00e3o demonstra a preocupa\u00e7\u00e3o do Governo do Estado com a seguran\u00e7a das crian\u00e7as e adolescentes. \u201cA Fortis vem prestar essa solidariedade, esse apoio, com a\u00e7\u00f5es de conscientiza\u00e7\u00e3o das fam\u00edlias para que tenham cuidados com as suas crian\u00e7as e adolescentes\u201d, disse.<\/p>\n\n\n\n<p>A Secretaria j\u00e1 conta com as a\u00e7\u00f5es da Fortis em todo o Estado e re\u00fane entidades comprometidas em garantir a seguran\u00e7a e os direitos das crian\u00e7as e adolescentes.<\/p>\n\n\n\n<p><strong>O QUE \u00c9\u00a0<\/strong>\u2013\u00a0A For\u00e7a-Tarefa Inf\u00e2ncia Segura foi criada pelo Governo do Estado e estabelece uma rede de prote\u00e7\u00e3o envolvendo secretarias de Estado, Poder Judici\u00e1rio, Minist\u00e9rio P\u00fablico, OAB, Conselhos Tutelares, for\u00e7as policiais e institui\u00e7\u00f5es da sociedade civil organizada para a integra\u00e7\u00e3o das pol\u00edticas p\u00fablicas dos sistemas de justi\u00e7a, seguran\u00e7a, assist\u00eancia social, educa\u00e7\u00e3o e sa\u00fade, com a\u00e7\u00f5es coordenadas e efetivas para o acolhimento e o atendimento integral \u00e0s crian\u00e7as v\u00edtimas de viol\u00eancia.<\/p>\n\n\n\n<p>AEN<\/p>\n","protected":false},"excerpt":{"rendered":"<p>O munic\u00edpio de Guaratuba, no Litoral, vai aderir formalmente nesta sexta-feira (04) ao programa For\u00e7a-Tarefa Inf\u00e2ncia Segura (Fortis), da Secretaria da Justi\u00e7a, Fam\u00edlia e Trabalho (Sejuf), com o objetivo de prevenir a viol\u00eancia contra crian\u00e7as e adolescentes. O programa atua em conjunto com os \u00f3rg\u00e3os p\u00fablicos, entidades, comerciantes e a comunidade em geral para intensificar [&hellip;]<\/p>\n","protected":false},"author":2,"featured_media":36265,"comment_status":"open","ping_status":"open","sticky":false,"template":"","format":"standard","meta":{"advanced_seo_description":"","jetpack_seo_html_title":"","jetpack_seo_noindex":false,"_jetpack_memberships_contains_paid_content":false,"footnotes":""},"categories":[40,99],"tags":[],"class_list":{"0":"post-36264","1":"post","2":"type-post","3":"status-publish","4":"format-standard","5":"has-post-thumbnail","7":"category-destaques","8":"category-guaratuba"},"jetpack_featured_media_url":"https:\/\/www.paranapraia.com.br\/wp-content\/uploads\/2022\/02\/01_guaratuba.jpg","jetpack_sharing_enabled":true,"_links":{"self":[{"href":"https:\/\/www.paranapraia.com.br\/index.php\/wp-json\/wp\/v2\/posts\/36264"}],"collection":[{"href":"https:\/\/www.paranapraia.com.br\/index.php\/wp-json\/wp\/v2\/posts"}],"about":[{"href":"https:\/\/www.paranapraia.com.br\/index.php\/wp-json\/wp\/v2\/types\/post"}],"author":[{"embeddable":true,"href":"https:\/\/www.paranapraia.com.br\/index.php\/wp-json\/wp\/v2\/users\/2"}],"replies":[{"embeddable":true,"href":"https:\/\/www.paranapraia.com.br\/index.php\/wp-json\/wp\/v2\/comments?post=36264"}],"version-history":[{"count":1,"href":"https:\/\/www.paranapraia.com.br\/index.php\/wp-json\/wp\/v2\/posts\/36264\/revisions"}],"predecessor-version":[{"id":36266,"href":"https:\/\/www.paranapraia.com.br\/index.php\/wp-json\/wp\/v2\/posts\/36264\/revisions\/36266"}],"wp:featuredmedia":[{"embeddable":true,"href":"https:\/\/www.paranapraia.com.br\/index.php\/wp-json\/wp\/v2\/media\/36265"}],"wp:attachment":[{"href":"https:\/\/www.paranapraia.com.br\/index.php\/wp-json\/wp\/v2\/media?parent=36264"}],"wp:term":[{"taxonomy":"category","embeddable":true,"href":"https:\/\/www.paranapraia.com.br\/index.php\/wp-json\/wp\/v2\/categories?post=36264"},{"taxonomy":"post_tag","embeddable":true,"href":"https:\/\/www.paranapraia.com.br\/index.php\/wp-json\/wp\/v2\/tags?post=36264"}],"curies":[{"name":"wp","href":"https:\/\/api.w.org\/{rel}","templated":true}]}}