{"id":3621,"date":"2019-03-30T16:25:11","date_gmt":"2019-03-30T19:25:11","guid":{"rendered":"https:\/\/www.paranapraia.com.br\/?p=3621"},"modified":"2019-03-30T16:25:12","modified_gmt":"2019-03-30T19:25:12","slug":"cine-passeio-resgata-cultura-dos-cinemas-de-rua-em-curitiba","status":"publish","type":"post","link":"https:\/\/www.paranapraia.com.br\/index.php\/2019\/03\/30\/cine-passeio-resgata-cultura-dos-cinemas-de-rua-em-curitiba\/","title":{"rendered":"Cine Passeio resgata cultura dos cinemas de rua, em Curitiba"},"content":{"rendered":"\n<h4 class=\"wp-block-heading\">Espa\u00e7o tem duas salas de cinema, al\u00e9m de estrutura para forma\u00e7\u00e3o audiovisual e inova\u00e7\u00e3o; espa\u00e7os de exibi\u00e7\u00e3o homenageiam o Cine Luz e Cine Ritz, fechados h\u00e1 d\u00e9cadas na cidade.<\/h4>\n\n\n\n<p>Os cin\u00e9filos mais saudosos de Curitiba ganharam uma nova op\u00e7\u00e3o de lazer, que resgata a cultura dos cinemas de rua da cidade. O Cine Passeio oferece sess\u00f5es com exibi\u00e7\u00e3o de filmes cl\u00e1ssicos e contempor\u00e2neos.<\/p>\n\n\n\n<p>Para um desenvolvimento pessoal e profissional \u00e9 necess\u00e1rio uma segunda l\u00edngua. Veja essa dica! <\/p>\n\n\n\n<p>As duas salas de exibi\u00e7\u00e3o principal recebem nomes em homenagem a dois cinemas de rua que funcionaram por d\u00e9cadas na capital paranaense: o cine Luz e cine Ritz. As salas t\u00eam capacidade para 90 pessoas.<\/p>\n\n\n\n<h2 class=\"wp-block-heading\">Volta ao passado<\/h2>\n\n\n\n<p>A professora Joceli Vieira, de 61 anos, conta que frequentou os antigos cinemas da cidade, quando a divers\u00e3o dos fins de semana ainda era reunir a fam\u00edlia para prestigiar os filmes. Ela afirma que sente saudades.<\/p>\n\n\n\n<blockquote class=\"wp-block-quote is-layout-flow wp-block-quote-is-layout-flow\"><p>&#8220;V\u00e1rios cinemas que a gente participava, Naquele momento, era a cultura que a gente podia assistir, e eu lembro que era um pre\u00e7o acess\u00edvel para a gente&#8221;, relembra.<\/p><\/blockquote>\n\n\n\n<p>Ainda na fila para assistir o primeiro filme no Cine Passeio, anos depois da rotina nos cinemas de rua da cidade, ela contou que o novo espa\u00e7o &#8220;vai ser muito legal para a cidade&#8221;, e afirmou que a lembran\u00e7a a fez sentir como se tivesse 15 anos.<\/p>\n\n\n\n<p>A amiga de Joceli, Carmelita Berthier, de 59 anos, tamb\u00e9m relembra saudosa dos tempos antigos de cinema de rua.<\/p>\n\n\n\n<h2 class=\"wp-block-heading\">Viagem pelo cinema<\/h2>\n\n\n\n<p>Um dos curadores do Cine Passeio, o diretor Marcos Jorge, ressalta que o espa\u00e7o representa um incentivo para a cidade: tanto para os frequentadores quanto para a cultura local.<\/p>\n\n\n\n<p>&#8220;O ingresso vai ser mais barato, os filmes, v\u00e3o ser v\u00e1rios durante o dia. A gente vai aproximar o cinema, aumentar a oferta de cinema de qualidade na cidade de curitiba (&#8230;) A gente espera que esse centro irradie coisas para a cidade e receba coisas da cidade. ent\u00e3o, vai fazer aqui que os cinemas de rua faziam&#8221;, disse.<\/p>\n\n\n\n<p>O local oferece tamb\u00e9m uma sala multiuso com 110 lugares, uma sala de video &#8220;On Demand&#8221;, onde os frequentadores podem consumir s\u00e9ries e conte\u00fados dispon\u00edveis pela internet, al\u00e9m de espa\u00e7os para cursos.<\/p>\n\n\n\n<p>Outra sala recebe um espa\u00e7o coworking p\u00fablico para desenvolvimento de projetos audiovisuais e, no terra\u00e7o, o pr\u00e9dio oferece uma \u00e1rea para exibi\u00e7\u00e3o de v\u00eddeos a c\u00e9u aberto, e um espa\u00e7o coberto para eventos.<\/p>\n\n\n\n<figure class=\"wp-block-image\"><img decoding=\"async\" src=\"https:\/\/s2.glbimg.com\/NszsS7vLvl9HsuzYGdGJvBQdQ6o=\/0x0:5376x3840\/1008x0\/smart\/filters:strip_icc()\/i.s3.glbimg.com\/v1\/AUTH_59edd422c0c84a879bd37670ae4f538a\/internal_photos\/bs\/2019\/r\/e\/sZwGNiTaG5HlBOWbZ9zg\/04.jpg\" alt=\"Curadores do Cine Passeio, Marcos Jorge e Marden Machado, ressaltam que o espa\u00e7o valoriza o cinema e a cultura curitibana \u2014 Foto: Giuliano Gomes\/PRPress\"\/><\/figure>\n\n\n\n<p>Curadores do Cine Passeio, Marcos Jorge e Marden Machado, ressaltam que o espa\u00e7o valoriza o cinema e a cultura curitibana \u2014 Foto: Giuliano Gomes\/PRPress<\/p>\n\n\n\n<p>De acordo com Marden Machado, especialista em cinema e tamb\u00e9m curador do Cine Passeio, ressalta a import\u00e2ncia dos projetos a serem desenvolvidos no novo pr\u00e9dio.<\/p>\n\n\n\n<blockquote class=\"wp-block-quote is-layout-flow wp-block-quote-is-layout-flow\"><p>&#8220;Falar sobre filmes, se informar sobre filmes, aprender sobre filmes, trocar ideias sobre filmes. \u00c9 um espa\u00e7o m\u00faltiplo com salas para cursos, para oficinas, para p\u00fablico, forma\u00e7\u00e3o de plateia&#8221;, disse.<\/p><\/blockquote>\n\n\n\n<h2 class=\"wp-block-heading\">Reconhecimento art\u00edstico<\/h2>\n\n\n\n<p>Os atores Alexandre Nero e Maria Flor participaram do lan\u00e7amento do filme Albatroz, primeira exibi\u00e7\u00e3o nas salas do Cine Passeio. Para os artistas, a valoriza\u00e7\u00e3o dos cinemas de rua resgata a cultura da cidade.<\/p>\n\n\n\n<p>&#8220;Isso, totalmente, faz parte da minha hist\u00f3ria. Sou filho de Curitiba, nascido em Curitiba. Vivenciei o Cine Ritz, o Cine Luz, assisti milh\u00f5es de filmes l\u00e1&#8221;, relembra o ator.<\/p>\n\n\n\n<figure class=\"wp-block-image\"><img decoding=\"async\" src=\"https:\/\/s2.glbimg.com\/JzZ5B46MhToBSEngf8a07HsagEo=\/0x339:5616x3664\/1008x0\/smart\/filters:strip_icc()\/i.s3.glbimg.com\/v1\/AUTH_59edd422c0c84a879bd37670ae4f538a\/internal_photos\/bs\/2019\/h\/Q\/BYUkbUQPyPmvjfJPxdoQ\/13.jpg\" alt=\"Alexandre Nero, em visita ao Cine Passeio, em Curitiba \u2014 Foto: Giuliano Gomes\/PRPress\"\/><\/figure>\n\n\n\n<p>Alexandre Nero, em visita ao Cine Passeio, em Curitiba \u2014 Foto: Giuliano Gomes\/PRPress<\/p>\n\n\n\n<p>Maria Flor, nascida no Rio de Janeiro, relembra a import\u00e2ncia da inaugura\u00e7\u00e3o de um cinema de rua. &#8220;Eu fico muito triste quando eu vejo que um cinema de rua acabou, e ver agora, um cinema de rua nascendo \u00e9 lindo&#8221;, disse.<\/p>\n\n\n\n<p>O Cine Passeio de Curitiba fica na Rua Riachuelo, 410, no Centro (esquina com a Rua Presidente Carlos Cavalcanti).<\/p>\n\n\n\n<figure class=\"wp-block-image\"><img decoding=\"async\" src=\"https:\/\/s2.glbimg.com\/5QebjYMaeFcubV0Gn_Psqj3s2ys=\/0x0:5088x3840\/1008x0\/smart\/filters:strip_icc()\/i.s3.glbimg.com\/v1\/AUTH_59edd422c0c84a879bd37670ae4f538a\/internal_photos\/bs\/2019\/e\/E\/b3fuDeTKGO9qMh0AJNPg\/50.jpg\" alt=\"Cine Passeio foi inaugurado nesta quarta-feira (27), em Curitiba \u2014 Foto: Giuliano Gomes\/PRPress\"\/><\/figure>\n\n\n\n<p>Cine Passeio foi inaugurado nesta quarta-feira (27), em Curitiba \u2014 Foto: Giuliano Gomes\/PRPress<\/p>\n","protected":false},"excerpt":{"rendered":"<p>Espa\u00e7o tem duas salas de cinema, al\u00e9m de estrutura para forma\u00e7\u00e3o audiovisual e inova\u00e7\u00e3o; espa\u00e7os de exibi\u00e7\u00e3o homenageiam o Cine Luz e Cine Ritz, fechados h\u00e1 d\u00e9cadas na cidade. Os cin\u00e9filos mais saudosos de Curitiba ganharam uma nova op\u00e7\u00e3o de lazer, que resgata a cultura dos cinemas de rua da cidade. O Cine Passeio oferece [&hellip;]<\/p>\n","protected":false},"author":2,"featured_media":3625,"comment_status":"open","ping_status":"open","sticky":false,"template":"","format":"standard","meta":{"advanced_seo_description":"","jetpack_seo_html_title":"","jetpack_seo_noindex":false,"_jetpack_memberships_contains_paid_content":false,"footnotes":""},"categories":[40],"tags":[],"class_list":{"0":"post-3621","1":"post","2":"type-post","3":"status-publish","4":"format-standard","5":"has-post-thumbnail","7":"category-destaques"},"jetpack_featured_media_url":"https:\/\/www.paranapraia.com.br\/wp-content\/uploads\/2019\/03\/cine.jpg","jetpack_sharing_enabled":true,"_links":{"self":[{"href":"https:\/\/www.paranapraia.com.br\/index.php\/wp-json\/wp\/v2\/posts\/3621"}],"collection":[{"href":"https:\/\/www.paranapraia.com.br\/index.php\/wp-json\/wp\/v2\/posts"}],"about":[{"href":"https:\/\/www.paranapraia.com.br\/index.php\/wp-json\/wp\/v2\/types\/post"}],"author":[{"embeddable":true,"href":"https:\/\/www.paranapraia.com.br\/index.php\/wp-json\/wp\/v2\/users\/2"}],"replies":[{"embeddable":true,"href":"https:\/\/www.paranapraia.com.br\/index.php\/wp-json\/wp\/v2\/comments?post=3621"}],"version-history":[{"count":1,"href":"https:\/\/www.paranapraia.com.br\/index.php\/wp-json\/wp\/v2\/posts\/3621\/revisions"}],"predecessor-version":[{"id":3626,"href":"https:\/\/www.paranapraia.com.br\/index.php\/wp-json\/wp\/v2\/posts\/3621\/revisions\/3626"}],"wp:featuredmedia":[{"embeddable":true,"href":"https:\/\/www.paranapraia.com.br\/index.php\/wp-json\/wp\/v2\/media\/3625"}],"wp:attachment":[{"href":"https:\/\/www.paranapraia.com.br\/index.php\/wp-json\/wp\/v2\/media?parent=3621"}],"wp:term":[{"taxonomy":"category","embeddable":true,"href":"https:\/\/www.paranapraia.com.br\/index.php\/wp-json\/wp\/v2\/categories?post=3621"},{"taxonomy":"post_tag","embeddable":true,"href":"https:\/\/www.paranapraia.com.br\/index.php\/wp-json\/wp\/v2\/tags?post=3621"}],"curies":[{"name":"wp","href":"https:\/\/api.w.org\/{rel}","templated":true}]}}