{"id":3617,"date":"2019-03-30T16:22:14","date_gmt":"2019-03-30T19:22:14","guid":{"rendered":"https:\/\/www.paranapraia.com.br\/?p=3617"},"modified":"2019-03-30T16:22:15","modified_gmt":"2019-03-30T19:22:15","slug":"crianca-que-ficou-ferida-apos-acidente-na-pr-317-em-toledo-morre-em-hospital","status":"publish","type":"post","link":"https:\/\/www.paranapraia.com.br\/index.php\/2019\/03\/30\/crianca-que-ficou-ferida-apos-acidente-na-pr-317-em-toledo-morre-em-hospital\/","title":{"rendered":"Crian\u00e7a que ficou ferida ap\u00f3s acidente na PR-317, em Toledo, morre em hospital"},"content":{"rendered":"\n<h4 class=\"wp-block-heading\">Menino de 6 anos estava internado no Hospital Universit\u00e1rio (HU) desde o dia 23 de mar\u00e7o. Batida ocorreu entre dois carros e uma carreta.<\/h4>\n\n\n\n<p>O menino de seis anos que estava internado h\u00e1 sete dias, depois do&nbsp;<a href=\"https:\/\/g1.globo.com\/pr\/oeste-sudoeste\/noticia\/2019\/03\/23\/batida-entre-carros-e-carreta-deixa-uma-crianca-e-outras-quatro-pessoas-feridas-na-pr-317.ghtml\">carro em que a fam\u00edlia dele viajava se envolveu em um acidente<\/a>, morreu no Hospital Universit\u00e1rio de Cascavel, no oeste do Paran\u00e1.<\/p>\n\n\n\n<p>O acidente, entre dois carros e uma carreta, ocorreu no dia 23 de mar\u00e7o, na PR-371, em Toledo, na regi\u00e3o oeste. Segundo a Pol\u00edcia Rodovi\u00e1ria Estadual (PRE), um dos carros causou o acidente ao tentar ultrapassar a carreta.<\/p>\n\n\n\n<p>Chegou a sua hora! Saiba mais sobre ter seu neg\u00f3cio online com essas dicas valiosas! <\/p>\n\n\n\n<p>Ao tentar a ultrapassagem, o motorista bateu de frente contra o outro carro, que vinha no sentido contr\u00e1rio. Depois da batida entre os carros, de acordo com a pol\u00edcia, a carreta tamb\u00e9m foi atingida e teve um dos pneus furado.<\/p>\n\n\n\n<p>Ainda de acordo com a pol\u00edcia, o menino estava deitado, dormindo, no banco de tr\u00e1s, na hora da batida. Ele foi levado pelo helic\u00f3ptero do Servi\u00e7o de Atendimento M\u00f3vel de Urg\u00eancia (Samu) ao HU.<\/p>\n\n\n\n<p>Quatro adultos que estavam nos dois carros envolvidos no acidente tiveram ferimentos leves e foram encaminhados para a Unidade de Pronto Atendimento (UPA) de Toledo. O motorista da carreta n\u00e3o se feriu.<\/p>\n\n\n\n<p>G1 PR<\/p>\n\n\n\n<p><\/p>\n","protected":false},"excerpt":{"rendered":"<p>Menino de 6 anos estava internado no Hospital Universit\u00e1rio (HU) desde o dia 23 de mar\u00e7o. Batida ocorreu entre dois carros e uma carreta. O menino de seis anos que estava internado h\u00e1 sete dias, depois do&nbsp;carro em que a fam\u00edlia dele viajava se envolveu em um acidente, morreu no Hospital Universit\u00e1rio de Cascavel, no [&hellip;]<\/p>\n","protected":false},"author":2,"featured_media":3618,"comment_status":"open","ping_status":"open","sticky":false,"template":"","format":"standard","meta":{"advanced_seo_description":"","jetpack_seo_html_title":"","jetpack_seo_noindex":false,"_jetpack_memberships_contains_paid_content":false,"footnotes":""},"categories":[52],"tags":[],"class_list":{"0":"post-3617","1":"post","2":"type-post","3":"status-publish","4":"format-standard","5":"has-post-thumbnail","7":"category-acidentes"},"jetpack_featured_media_url":"https:\/\/www.paranapraia.com.br\/wp-content\/uploads\/2019\/03\/piaa.jpg","jetpack_sharing_enabled":true,"_links":{"self":[{"href":"https:\/\/www.paranapraia.com.br\/index.php\/wp-json\/wp\/v2\/posts\/3617"}],"collection":[{"href":"https:\/\/www.paranapraia.com.br\/index.php\/wp-json\/wp\/v2\/posts"}],"about":[{"href":"https:\/\/www.paranapraia.com.br\/index.php\/wp-json\/wp\/v2\/types\/post"}],"author":[{"embeddable":true,"href":"https:\/\/www.paranapraia.com.br\/index.php\/wp-json\/wp\/v2\/users\/2"}],"replies":[{"embeddable":true,"href":"https:\/\/www.paranapraia.com.br\/index.php\/wp-json\/wp\/v2\/comments?post=3617"}],"version-history":[{"count":1,"href":"https:\/\/www.paranapraia.com.br\/index.php\/wp-json\/wp\/v2\/posts\/3617\/revisions"}],"predecessor-version":[{"id":3619,"href":"https:\/\/www.paranapraia.com.br\/index.php\/wp-json\/wp\/v2\/posts\/3617\/revisions\/3619"}],"wp:featuredmedia":[{"embeddable":true,"href":"https:\/\/www.paranapraia.com.br\/index.php\/wp-json\/wp\/v2\/media\/3618"}],"wp:attachment":[{"href":"https:\/\/www.paranapraia.com.br\/index.php\/wp-json\/wp\/v2\/media?parent=3617"}],"wp:term":[{"taxonomy":"category","embeddable":true,"href":"https:\/\/www.paranapraia.com.br\/index.php\/wp-json\/wp\/v2\/categories?post=3617"},{"taxonomy":"post_tag","embeddable":true,"href":"https:\/\/www.paranapraia.com.br\/index.php\/wp-json\/wp\/v2\/tags?post=3617"}],"curies":[{"name":"wp","href":"https:\/\/api.w.org\/{rel}","templated":true}]}}