{"id":3596,"date":"2019-03-30T14:43:09","date_gmt":"2019-03-30T17:43:09","guid":{"rendered":"https:\/\/www.paranapraia.com.br\/?p=3596"},"modified":"2019-03-30T14:43:09","modified_gmt":"2019-03-30T17:43:09","slug":"estoques-da-industria-tem-2a-alta-consecutiva-e-atingem-maior-nivel-desde-setembro-de-2018","status":"publish","type":"post","link":"https:\/\/www.paranapraia.com.br\/index.php\/2019\/03\/30\/estoques-da-industria-tem-2a-alta-consecutiva-e-atingem-maior-nivel-desde-setembro-de-2018\/","title":{"rendered":"Estoques da ind\u00fastria t\u00eam 2\u00aa alta consecutiva e atingem maior n\u00edvel desde setembro de 2018"},"content":{"rendered":"\n<h4 class=\"wp-block-heading\">Especialistas afirmam que dado &#8216;acende a luz a amarela do setor&#8217; e, por ora, ajuda a minar as expectativas de uma recupera\u00e7\u00e3o no curto prazo.<\/h4>\n\n\n\n<p>O quadro atual de fraqueza da ind\u00fastria brasileira pode se agravar nos pr\u00f3ximos meses. Neste in\u00edcio de ano, os estoques das f\u00e1bricas voltaram a crescer. Estoques maiores significam que as ind\u00fastrias produziram mais do que foi vendido, e que podem reduzir a produ\u00e7\u00e3o nos meses seguintes \u2013 o que acende a luz a amarela do setor e, por ora, ajuda a minar as expectativas de uma recupera\u00e7\u00e3o no curto prazo.<\/p>\n\n\n\n<p>Em fevereiro, o estoque efetivo das empresas em rela\u00e7\u00e3o ao que planejado subiu para 51,1 pontos, segundo a Confedera\u00e7\u00e3o Nacional da Ind\u00fastria (CNI). Foi o segundo aumento seguido e o n\u00edvel mais alto desde setembro do ano passado, quando as expectativas da ind\u00fastria eram mais favor\u00e1veis e havia a expectativa de uma retomada mais vigorosa.<\/p>\n\n\n\n<p>&#8220;Esse indicador acende um sinal amarelo, ainda mais nesse momento em que h\u00e1 uma reavalia\u00e7\u00e3o da economia&#8221;, afirma Marcelo Azevedo, economista da CNI.<\/p>\n\n\n\n<p>Estoques em alta \u2014 Foto: Rodrigo Sanches \/ Arte G1<\/p>\n\n\n\n<p>A medi\u00e7\u00e3o dos estoques feita pela CNI varia de 0 a 100 pontos. Quando supera os 50 pontos, indica que o n\u00edvel de estoques aumentou. Esse crescimento \u00e9 considerado bastante negativo porque agora as empresas, antes de realizar novos investimentos e contrata\u00e7\u00f5es, v\u00e3o ter de eliminar os produtos em excesso.<\/p>\n\n\n\n<p>Os dados de estoque de fevereiro tamb\u00e9m preocupam porque, neste ano, o Carnaval foi em mar\u00e7o e, portanto, houve mais dias \u00fateis para a comercializa\u00e7\u00e3o da produ\u00e7\u00e3o do que em anos anteriores, quando a data foi celebrada em fevereiro.<\/p>\n\n\n\n<h2 class=\"wp-block-heading\">Ve\u00edculos<\/h2>\n\n\n\n<p>No setor automotivo, um importante term\u00f4metro da ind\u00fastria brasileira, a quantidade de ve\u00edculos em estoque subiu de 255,4 mil para 288,1 mil unidades entre janeiro e fevereiro, de acordo com a Associa\u00e7\u00e3o Nacional dos Fabricantes de Ve\u00edculos Automotores (Anfavea).<\/p>\n\n\n\n<p>Atualmente, a quantidade de ve\u00edculos em estoque equivale a 43 dias \u2013 a entidade que representa o setor considera como adequado um per\u00edodo de 30 a 40 dias.<\/p>\n\n\n\n<p>&#8220;Esses dados refor\u00e7am uma cautela com a economia&#8221;, afirma Eduardo Velho, economista da consultoria GO Associados. &#8220;Os empres\u00e1rios est\u00e3o esperando o desenrolar das reformas para voltar a investir.&#8221;<\/p>\n\n\n\n<p>No \u00faltimo levantamento da CNI que mediu o humor dos empres\u00e1rios, a maior preocupa\u00e7\u00e3o com os rumos da economia come\u00e7ou a ficar evidente. Em mar\u00e7o, a confian\u00e7a do setor recuou 2,6 pontos, para 61,1 pontos. O indicador segue acima da m\u00e9dia hist\u00f3rica, que \u00e9 de 54,4 pontos, mas registrou a primeira queda desde outubro.<\/p>\n\n\n\n<figure class=\"wp-block-image\"><img decoding=\"async\" src=\"https:\/\/s2.glbimg.com\/5L_c1prNvGv09ZwB-8Hk-Kr9QR0=\/0x0:2000x1325\/984x0\/smart\/filters:strip_icc()\/i.s3.glbimg.com\/v1\/AUTH_59edd422c0c84a879bd37670ae4f538a\/internal_photos\/bs\/2018\/n\/H\/Im4udzQpicUr5TwLDyMQ\/20170404-452f5afd6f484f7f8c170a11d44ce6f9-montagem-076.jpg\" alt=\"No setor automotivo, estoques chegam a 43 dias \u2014 Foto: Mercedes-Benz\/Divulga\u00e7\u00e3o\"\/><\/figure>\n\n\n\n<p>No setor automotivo, estoques chegam a 43 dias \u2014 Foto: Mercedes-Benz\/Divulga\u00e7\u00e3o<\/p>\n\n\n\n<h2 class=\"wp-block-heading\">Setor sem rea\u00e7\u00e3o<\/h2>\n\n\n\n<p>Desde o fim de 2018, a ind\u00fastria apresenta sinais de fraqueza. Com o t\u00e9rmino da disputa presidencial e a consequente melhora da confian\u00e7a dos empres\u00e1rios, havia expectativa de que a produ\u00e7\u00e3o acelerasse no mesmo ritmo. Os n\u00fameros, no entanto, t\u00eam mostrado um quadro pior do que o esperado. Em janeiro, por exemplo,\u00a0a produ\u00e7\u00e3o industrial medida pelo Instituto Brasileiro de Geografia e Estat\u00edstica (IBGE) caiu 0,8%.<\/p>\n\n\n\n<p>O dado de fevereiro, segundo a previs\u00e3o dos analistas, deve vir positivo, mas influenciado por uma base fraca e pela data do Carnaval deste ano. &#8220;Os dados da ind\u00fastria est\u00e3o abaixo do esperado, apesar da expectativa de que os n\u00fameros de fevereiro apresentem um crescimento&#8221;, afirma Velho, da GO Associados. &#8220;No acumulado do bimestre, o setor deve ter apenas um leve crescimento, o que muito \u00e9 pouco.&#8221;<\/p>\n\n\n\n<p>Numa an\u00e1lise de mais longo prazo, uma combina\u00e7\u00e3o de fatores explica o mau momento da ind\u00fastria e a dificuldade de uma recupera\u00e7\u00e3o mais robusta. O setor ainda sente os impactos da greve dos caminhoneiros de maio do ano passado, da crise da Argentina, importante parceiro comercial de bens manufaturados do Brasil, e da desacelera\u00e7\u00e3o mundial.<\/p>\n\n\n\n<p>&#8220;O setor apresenta um forte quadro de letargia e est\u00e1 20% distante do pico&#8221;, afirma Rafael Cagnin, economista do Instituto de Estudos para o Desenvolvimento Industrial (Iedi). &#8220;N\u00e3o h\u00e1 motores nem internos e externos para uma recupera\u00e7\u00e3o.&#8221;<\/p>\n\n\n\n<p>Em busca de uma retomada concreta, o setor monitora a agenda de reformas de novo governo, em especial as mudan\u00e7as propostas para a Previd\u00eancia. O endere\u00e7amento dos problemas fiscais do pa\u00eds \u00e9 considerado fundamental pelos empres\u00e1rios para a retomada dos investimentos, o que pode permitir um crescimento econ\u00f4mico.<\/p>\n\n\n\n<p>&#8220;A reforma da Previd\u00eancia \u00e9 fundamental para a retomada confian\u00e7a na economia e para trazer boas expectativas em rela\u00e7\u00e3o ao futuro, mas sozinha n\u00e3o \u00e9 fundamental&#8221;, diz Cagnin. &#8220;O governo precisa articular uma agenda que envolva outras reformas, como a tribut\u00e1ria.&#8221;<\/p>\n\n\n\n<p>No \u00faltimo relat\u00f3rio Focus, do Banco Central, a proje\u00e7\u00e3o dos analistas consultados para a produ\u00e7\u00e3o industrial neste ano era de crescimento de 2,57%. No in\u00edcio do ano, a previs\u00e3o era de 3%.<\/p>\n\n\n\n<p>G1<\/p>\n","protected":false},"excerpt":{"rendered":"<p>Especialistas afirmam que dado &#8216;acende a luz a amarela do setor&#8217; e, por ora, ajuda a minar as expectativas de uma recupera\u00e7\u00e3o no curto prazo. O quadro atual de fraqueza da ind\u00fastria brasileira pode se agravar nos pr\u00f3ximos meses. Neste in\u00edcio de ano, os estoques das f\u00e1bricas voltaram a crescer. Estoques maiores significam que as [&hellip;]<\/p>\n","protected":false},"author":2,"featured_media":3599,"comment_status":"open","ping_status":"open","sticky":false,"template":"","format":"standard","meta":{"advanced_seo_description":"","jetpack_seo_html_title":"","jetpack_seo_noindex":false,"_jetpack_memberships_contains_paid_content":false,"footnotes":""},"categories":[43,40],"tags":[],"class_list":{"0":"post-3596","1":"post","2":"type-post","3":"status-publish","4":"format-standard","5":"has-post-thumbnail","7":"category-cotidiano","8":"category-destaques"},"jetpack_featured_media_url":"https:\/\/www.paranapraia.com.br\/wp-content\/uploads\/2019\/03\/estoques-industria.jpg","jetpack_sharing_enabled":true,"_links":{"self":[{"href":"https:\/\/www.paranapraia.com.br\/index.php\/wp-json\/wp\/v2\/posts\/3596"}],"collection":[{"href":"https:\/\/www.paranapraia.com.br\/index.php\/wp-json\/wp\/v2\/posts"}],"about":[{"href":"https:\/\/www.paranapraia.com.br\/index.php\/wp-json\/wp\/v2\/types\/post"}],"author":[{"embeddable":true,"href":"https:\/\/www.paranapraia.com.br\/index.php\/wp-json\/wp\/v2\/users\/2"}],"replies":[{"embeddable":true,"href":"https:\/\/www.paranapraia.com.br\/index.php\/wp-json\/wp\/v2\/comments?post=3596"}],"version-history":[{"count":1,"href":"https:\/\/www.paranapraia.com.br\/index.php\/wp-json\/wp\/v2\/posts\/3596\/revisions"}],"predecessor-version":[{"id":3600,"href":"https:\/\/www.paranapraia.com.br\/index.php\/wp-json\/wp\/v2\/posts\/3596\/revisions\/3600"}],"wp:featuredmedia":[{"embeddable":true,"href":"https:\/\/www.paranapraia.com.br\/index.php\/wp-json\/wp\/v2\/media\/3599"}],"wp:attachment":[{"href":"https:\/\/www.paranapraia.com.br\/index.php\/wp-json\/wp\/v2\/media?parent=3596"}],"wp:term":[{"taxonomy":"category","embeddable":true,"href":"https:\/\/www.paranapraia.com.br\/index.php\/wp-json\/wp\/v2\/categories?post=3596"},{"taxonomy":"post_tag","embeddable":true,"href":"https:\/\/www.paranapraia.com.br\/index.php\/wp-json\/wp\/v2\/tags?post=3596"}],"curies":[{"name":"wp","href":"https:\/\/api.w.org\/{rel}","templated":true}]}}