{"id":3551,"date":"2019-03-30T14:11:53","date_gmt":"2019-03-30T17:11:53","guid":{"rendered":"https:\/\/www.paranapraia.com.br\/?p=3551"},"modified":"2019-03-30T14:11:54","modified_gmt":"2019-03-30T17:11:54","slug":"jovem-fica-em-estado-grave-ao-ser-esfaqueado-pelo-tio","status":"publish","type":"post","link":"https:\/\/www.paranapraia.com.br\/index.php\/2019\/03\/30\/jovem-fica-em-estado-grave-ao-ser-esfaqueado-pelo-tio\/","title":{"rendered":"Jovem fica em estado grave ao ser esfaqueado pelo tio"},"content":{"rendered":"\n<p>Um jovem, de 19 anos, ficou gravemente ferido ao ser esfaqueado na manh\u00e3 deste s\u00e1bado (30), em uma casa na Rua das Violetas, no bairro S\u00e3o Dimas, em Colombo, na Regi\u00e3o Metropolitana de Curitiba.<\/p>\n\n\n\n<p>De acordo com testemunhas, o suspeito de desferir os golpes de faca \u00e9 tio da v\u00edtima, de 34 anos. O homem seria usu\u00e1rio de drogas e, ao chegar em casa alterado, discutiu com o sobrinho. Durante o desentendimento, o jovem foi atingido tr\u00eas vezes. Outro tio da v\u00edtima tentou separar a briga e foi esfaqueado na m\u00e3o, mas n\u00e3o corre riscos.<\/p>\n\n\n\n<figure class=\"wp-block-image\"><img decoding=\"async\" src=\"https:\/\/cdn.massanews.com\/uploads\/noticias\/conteudo\/whatsapp-image-2019-03-30-at-11-13-13-db931269.jpeg\" alt=\"(Foto: Colabora\u00e7\u00e3o) \"\/><\/figure>\n\n\n\n<p>(Foto: Daniel Bueno\/ Colabora\u00e7\u00e3o) &nbsp;<\/p>\n\n\n\n<p>O jovem teve ferimentos graves, foi socorrido pelo Siate e encaminhado para o Hospital Cajuru. O suspeito fugiu e est\u00e1 sendo procurado pela pol\u00edcia.<\/p>\n","protected":false},"excerpt":{"rendered":"<p>Um jovem, de 19 anos, ficou gravemente ferido ao ser esfaqueado na manh\u00e3 deste s\u00e1bado (30), em uma casa na Rua das Violetas, no bairro S\u00e3o Dimas, em Colombo, na Regi\u00e3o Metropolitana de Curitiba. De acordo com testemunhas, o suspeito de desferir os golpes de faca \u00e9 tio da v\u00edtima, de 34 anos. O homem [&hellip;]<\/p>\n","protected":false},"author":2,"featured_media":3552,"comment_status":"open","ping_status":"open","sticky":false,"template":"","format":"standard","meta":{"advanced_seo_description":"","jetpack_seo_html_title":"","jetpack_seo_noindex":false,"_jetpack_memberships_contains_paid_content":false,"footnotes":""},"categories":[33],"tags":[],"class_list":{"0":"post-3551","1":"post","2":"type-post","3":"status-publish","4":"format-standard","5":"has-post-thumbnail","7":"category-policia"},"jetpack_featured_media_url":"https:\/\/www.paranapraia.com.br\/wp-content\/uploads\/2019\/03\/gh.jpeg","jetpack_sharing_enabled":true,"_links":{"self":[{"href":"https:\/\/www.paranapraia.com.br\/index.php\/wp-json\/wp\/v2\/posts\/3551"}],"collection":[{"href":"https:\/\/www.paranapraia.com.br\/index.php\/wp-json\/wp\/v2\/posts"}],"about":[{"href":"https:\/\/www.paranapraia.com.br\/index.php\/wp-json\/wp\/v2\/types\/post"}],"author":[{"embeddable":true,"href":"https:\/\/www.paranapraia.com.br\/index.php\/wp-json\/wp\/v2\/users\/2"}],"replies":[{"embeddable":true,"href":"https:\/\/www.paranapraia.com.br\/index.php\/wp-json\/wp\/v2\/comments?post=3551"}],"version-history":[{"count":1,"href":"https:\/\/www.paranapraia.com.br\/index.php\/wp-json\/wp\/v2\/posts\/3551\/revisions"}],"predecessor-version":[{"id":3553,"href":"https:\/\/www.paranapraia.com.br\/index.php\/wp-json\/wp\/v2\/posts\/3551\/revisions\/3553"}],"wp:featuredmedia":[{"embeddable":true,"href":"https:\/\/www.paranapraia.com.br\/index.php\/wp-json\/wp\/v2\/media\/3552"}],"wp:attachment":[{"href":"https:\/\/www.paranapraia.com.br\/index.php\/wp-json\/wp\/v2\/media?parent=3551"}],"wp:term":[{"taxonomy":"category","embeddable":true,"href":"https:\/\/www.paranapraia.com.br\/index.php\/wp-json\/wp\/v2\/categories?post=3551"},{"taxonomy":"post_tag","embeddable":true,"href":"https:\/\/www.paranapraia.com.br\/index.php\/wp-json\/wp\/v2\/tags?post=3551"}],"curies":[{"name":"wp","href":"https:\/\/api.w.org\/{rel}","templated":true}]}}