{"id":35397,"date":"2021-11-11T08:14:03","date_gmt":"2021-11-11T11:14:03","guid":{"rendered":"https:\/\/www.paranapraia.com.br\/?p=35397"},"modified":"2021-11-11T08:14:04","modified_gmt":"2021-11-11T11:14:04","slug":"pa-de-praia-de-leste-retoma-atividade-de-atendimentos-gerais-dia-13-de-novembro","status":"publish","type":"post","link":"https:\/\/www.paranapraia.com.br\/index.php\/2021\/11\/11\/pa-de-praia-de-leste-retoma-atividade-de-atendimentos-gerais-dia-13-de-novembro\/","title":{"rendered":"PA de Praia de Leste retoma atividade de atendimentos gerais dia 13 de novembro"},"content":{"rendered":"\n<p>A Secretaria Municipal de Sa\u00fade informa que no dia 13 de novembro, s\u00e1bado, o Pronto Atendimento 24 h de Praia de Leste (PA) retoma os atendimentos gerais.<\/p>\n\n\n\n<p>O PA retornar\u00e1 com suas atividades de urg\u00eancia e emerg\u00eancia. A Secret\u00e1ria Municipal de Sa\u00fade Carmen Moura ressalta a import\u00e2ncia da retomada do PA para atendimentos gerais. \u201cFelizmente podemos, neste momento, reorganizar os atendimentos de urg\u00eancia no munic\u00edpio. Ser\u00e3o mantidos todos os cuidados preconizados para seguran\u00e7a dos pacientes e dos trabalhadores. Foram realizadas adequa\u00e7\u00f5es para garantir atendimento de qualidade e oportuno \u00e0 popula\u00e7\u00e3o\u201d. Finaliza Carmen Moura.<\/p>\n\n\n\n<p>Rafaela Takiguchi<\/p>\n","protected":false},"excerpt":{"rendered":"<p>A Secretaria Municipal de Sa\u00fade informa que no dia 13 de novembro, s\u00e1bado, o Pronto Atendimento 24 h de Praia de Leste (PA) retoma os atendimentos gerais. O PA retornar\u00e1 com suas atividades de urg\u00eancia e emerg\u00eancia. A Secret\u00e1ria Municipal de Sa\u00fade Carmen Moura ressalta a import\u00e2ncia da retomada do PA para atendimentos gerais. \u201cFelizmente [&hellip;]<\/p>\n","protected":false},"author":2,"featured_media":35398,"comment_status":"open","ping_status":"open","sticky":false,"template":"","format":"standard","meta":{"advanced_seo_description":"","jetpack_seo_html_title":"","jetpack_seo_noindex":false,"_jetpack_memberships_contains_paid_content":false,"footnotes":""},"categories":[50],"tags":[],"class_list":{"0":"post-35397","1":"post","2":"type-post","3":"status-publish","4":"format-standard","5":"has-post-thumbnail","7":"category-saude"},"jetpack_featured_media_url":"https:\/\/www.paranapraia.com.br\/wp-content\/uploads\/2021\/11\/WhatsApp-Image-2021-11-10-at-20.34.31.jpeg","jetpack_sharing_enabled":true,"_links":{"self":[{"href":"https:\/\/www.paranapraia.com.br\/index.php\/wp-json\/wp\/v2\/posts\/35397"}],"collection":[{"href":"https:\/\/www.paranapraia.com.br\/index.php\/wp-json\/wp\/v2\/posts"}],"about":[{"href":"https:\/\/www.paranapraia.com.br\/index.php\/wp-json\/wp\/v2\/types\/post"}],"author":[{"embeddable":true,"href":"https:\/\/www.paranapraia.com.br\/index.php\/wp-json\/wp\/v2\/users\/2"}],"replies":[{"embeddable":true,"href":"https:\/\/www.paranapraia.com.br\/index.php\/wp-json\/wp\/v2\/comments?post=35397"}],"version-history":[{"count":1,"href":"https:\/\/www.paranapraia.com.br\/index.php\/wp-json\/wp\/v2\/posts\/35397\/revisions"}],"predecessor-version":[{"id":35399,"href":"https:\/\/www.paranapraia.com.br\/index.php\/wp-json\/wp\/v2\/posts\/35397\/revisions\/35399"}],"wp:featuredmedia":[{"embeddable":true,"href":"https:\/\/www.paranapraia.com.br\/index.php\/wp-json\/wp\/v2\/media\/35398"}],"wp:attachment":[{"href":"https:\/\/www.paranapraia.com.br\/index.php\/wp-json\/wp\/v2\/media?parent=35397"}],"wp:term":[{"taxonomy":"category","embeddable":true,"href":"https:\/\/www.paranapraia.com.br\/index.php\/wp-json\/wp\/v2\/categories?post=35397"},{"taxonomy":"post_tag","embeddable":true,"href":"https:\/\/www.paranapraia.com.br\/index.php\/wp-json\/wp\/v2\/tags?post=35397"}],"curies":[{"name":"wp","href":"https:\/\/api.w.org\/{rel}","templated":true}]}}