{"id":35391,"date":"2021-11-10T15:06:32","date_gmt":"2021-11-10T18:06:32","guid":{"rendered":"https:\/\/www.paranapraia.com.br\/?p=35391"},"modified":"2021-11-10T15:06:34","modified_gmt":"2021-11-10T18:06:34","slug":"projeto-que-garante-atendimento-prioritario-ao-portador-de-fibromialgia-e-aprovado-na-assembleia","status":"publish","type":"post","link":"https:\/\/www.paranapraia.com.br\/index.php\/2021\/11\/10\/projeto-que-garante-atendimento-prioritario-ao-portador-de-fibromialgia-e-aprovado-na-assembleia\/","title":{"rendered":"Projeto que garante atendimento priorit\u00e1rio ao portador de fibromialgia \u00e9 aprovado na Assembleia"},"content":{"rendered":"\n<p>Garantir atendimento priorit\u00e1rio aos portadores de fibromialgia em empresas p\u00fablicas ou privadas do Paran\u00e1, \u00e9 o que estabelece o projeto de lei n\u00ba 267\/2019, aprovado nesta quarta-feira (10), na Assembleia Legislativa. O projeto \u00e9 de autoria dos deputados Anibelli Neto, do MDB, e Michele Caputo, do PSDB.<\/p>\n\n\n\n<p>A proposta especifica que os estabelecimentos obrigados a prestar atendimento priorit\u00e1rio se enquadram nos termos da Lei Federal n\u00ba 10.048\/2020, garantindo tamb\u00e9m ao portador de fibromialgia a utiliza\u00e7\u00e3o dos assentos reservados aos idosos, gestantes, lactantes e pessoas portadoras de defici\u00eancia, devidamente identificados.<\/p>\n\n\n\n<p>\u201cA garantia de atendimento preferencial aos portadores da doen\u00e7a \u00e9 um primeiro passo para facilitar a sua conviv\u00eancia em sociedade, garantindo seu acesso a diversos tipos de servi\u00e7os e assegurando que possam realizar atividades simples do dia a dia\u201d, defendeu o deputado Anibelli Neto.<\/p>\n\n\n\n<p>Segundo o texto, fibromialgia \u00e9 uma condi\u00e7\u00e3o dolorosa generalizada e cr\u00f4nica. \u00c9 considerada uma s\u00edndrome, pois engloba uma s\u00e9rie de manifesta\u00e7\u00f5es cl\u00ednicas como dor, fadiga, indisposi\u00e7\u00e3o e dist\u00farbios do sono.<\/p>\n\n\n\n<p>Assessoria<\/p>\n","protected":false},"excerpt":{"rendered":"<p>Garantir atendimento priorit\u00e1rio aos portadores de fibromialgia em empresas p\u00fablicas ou privadas do Paran\u00e1, \u00e9 o que estabelece o projeto de lei n\u00ba 267\/2019, aprovado nesta quarta-feira (10), na Assembleia Legislativa. O projeto \u00e9 de autoria dos deputados Anibelli Neto, do MDB, e Michele Caputo, do PSDB. A proposta especifica que os estabelecimentos obrigados a [&hellip;]<\/p>\n","protected":false},"author":2,"featured_media":35392,"comment_status":"open","ping_status":"open","sticky":false,"template":"","format":"standard","meta":{"advanced_seo_description":"","jetpack_seo_html_title":"","jetpack_seo_noindex":false,"_jetpack_memberships_contains_paid_content":false,"footnotes":""},"categories":[50],"tags":[],"class_list":{"0":"post-35391","1":"post","2":"type-post","3":"status-publish","4":"format-standard","5":"has-post-thumbnail","7":"category-saude"},"jetpack_featured_media_url":"https:\/\/www.paranapraia.com.br\/wp-content\/uploads\/2021\/11\/51652827130_5e01d50fd1_k.jpg","jetpack_sharing_enabled":true,"_links":{"self":[{"href":"https:\/\/www.paranapraia.com.br\/index.php\/wp-json\/wp\/v2\/posts\/35391"}],"collection":[{"href":"https:\/\/www.paranapraia.com.br\/index.php\/wp-json\/wp\/v2\/posts"}],"about":[{"href":"https:\/\/www.paranapraia.com.br\/index.php\/wp-json\/wp\/v2\/types\/post"}],"author":[{"embeddable":true,"href":"https:\/\/www.paranapraia.com.br\/index.php\/wp-json\/wp\/v2\/users\/2"}],"replies":[{"embeddable":true,"href":"https:\/\/www.paranapraia.com.br\/index.php\/wp-json\/wp\/v2\/comments?post=35391"}],"version-history":[{"count":1,"href":"https:\/\/www.paranapraia.com.br\/index.php\/wp-json\/wp\/v2\/posts\/35391\/revisions"}],"predecessor-version":[{"id":35393,"href":"https:\/\/www.paranapraia.com.br\/index.php\/wp-json\/wp\/v2\/posts\/35391\/revisions\/35393"}],"wp:featuredmedia":[{"embeddable":true,"href":"https:\/\/www.paranapraia.com.br\/index.php\/wp-json\/wp\/v2\/media\/35392"}],"wp:attachment":[{"href":"https:\/\/www.paranapraia.com.br\/index.php\/wp-json\/wp\/v2\/media?parent=35391"}],"wp:term":[{"taxonomy":"category","embeddable":true,"href":"https:\/\/www.paranapraia.com.br\/index.php\/wp-json\/wp\/v2\/categories?post=35391"},{"taxonomy":"post_tag","embeddable":true,"href":"https:\/\/www.paranapraia.com.br\/index.php\/wp-json\/wp\/v2\/tags?post=35391"}],"curies":[{"name":"wp","href":"https:\/\/api.w.org\/{rel}","templated":true}]}}