{"id":35377,"date":"2021-11-09T10:51:11","date_gmt":"2021-11-09T13:51:11","guid":{"rendered":"https:\/\/www.paranapraia.com.br\/?p=35377"},"modified":"2021-11-09T10:51:12","modified_gmt":"2021-11-09T13:51:12","slug":"profissionais-da-uepg-participam-de-capacitacao-sobre-atendimento-a-adolescentes-gravidas","status":"publish","type":"post","link":"https:\/\/www.paranapraia.com.br\/index.php\/2021\/11\/09\/profissionais-da-uepg-participam-de-capacitacao-sobre-atendimento-a-adolescentes-gravidas\/","title":{"rendered":"Profissionais da UEPG participam de capacita\u00e7\u00e3o sobre atendimento a adolescentes gr\u00e1vidas"},"content":{"rendered":"\n<p>A equipe de profissionais do Hospital Materno-Infantil da Universidade Estadual de Ponta Grossa (Humai-UEPG) participou, nas \u00faltimas semanas, de uma capacita\u00e7\u00e3o on-line sobre atendimento \u00e0s adolescentes gr\u00e1vidas. Intitulado \u2018Projeto Jovem M\u00e3e \u2013 Cuidando da Vida\u2019, o curso busca capacitar servidores p\u00fablicos que integram a rede de atendimento infanto-juvenil, no cuidado a adolescentes gr\u00e1vidas, m\u00e3es e seus familiares. O projeto \u00e9 uma iniciativa do Instituto Mundo Melhor, em parceria com a Faculdades Pequeno Pr\u00edncipe, e \u00e9 oferecido de forma gratuita e totalmente virtual.<\/p>\n\n\n\n<p>No Humai, 20 profissionais, dentre assistentes sociais, enfermeiras, fisioterapeutas e dentistas, participaram do curso, que aconteceu de 11 de agosto a 08 de outubro. \u201cAchei enriquecedor ouvir relatos de outros profissionais sobre o atendimento a gr\u00e1vidas, pude conhecer e saber como funciona a abordagem dos adolescentes em outros locais. Minha expectativa \u00e9 que eu saia mais apta a discutir sobre o assunto\u201d, conta Marina da Silva, cirurgi\u00e3 dentista do Humai.<\/p>\n\n\n\n<p>O curso teve carga-hor\u00e1ria de 20 horas, com oito m\u00f3dulos, que foram ministrados semanalmente. O projeto se baseou na Norma Operacional B\u00e1sica da Assist\u00eancia Social,&nbsp;da capacita\u00e7\u00e3o no \u00e2mbito do Sistema \u00danico de Assist\u00eancia Social (Suas).<\/p>\n\n\n\n<p>\u201cFoi bom estar um pouco por dentro do assunto, para quando me deparar com tal situa\u00e7\u00e3o n\u00e3o ficar perdida\u201d, relatou&nbsp;a fisioterapeuta Juliana Sene.<\/p>\n\n\n\n<p>Para Taynara Britto, tamb\u00e9m fisioterapeuta do Humai, o curso possibilitou integra\u00e7\u00e3o entre profissionais de outras unidades de sa\u00fade. \u201cFicou bem claro para n\u00f3s que a gesta\u00e7\u00e3o na adolesc\u00eancia vai muito al\u00e9m da gravidez, ouvimos integrantes que atuam no Cras e assistente sociais, por isso achei muito interessante o conte\u00fado do curso\u201d, completou.<\/p>\n\n\n\n<p><strong>JOVEM M\u00c3E\u00a0<\/strong>\u2013 O &#8216;Projeto Jovem M\u00e3e \u2013 Cuidando da Vida&#8217; tem objetivo de continuar a capacita\u00e7\u00e3o de servidores at\u00e9 2023. De acordo com a organiza\u00e7\u00e3o, enfrentar a gravidez na adolesc\u00eancia \u00e9 um desafio para as pol\u00edticas sociais, em especial para profissionais da sa\u00fade.<\/p>\n\n\n\n<p>AEN<\/p>\n","protected":false},"excerpt":{"rendered":"<p>A equipe de profissionais do Hospital Materno-Infantil da Universidade Estadual de Ponta Grossa (Humai-UEPG) participou, nas \u00faltimas semanas, de uma capacita\u00e7\u00e3o on-line sobre atendimento \u00e0s adolescentes gr\u00e1vidas. Intitulado \u2018Projeto Jovem M\u00e3e \u2013 Cuidando da Vida\u2019, o curso busca capacitar servidores p\u00fablicos que integram a rede de atendimento infanto-juvenil, no cuidado a adolescentes gr\u00e1vidas, m\u00e3es e [&hellip;]<\/p>\n","protected":false},"author":2,"featured_media":35378,"comment_status":"open","ping_status":"open","sticky":false,"template":"","format":"standard","meta":{"advanced_seo_description":"","jetpack_seo_html_title":"","jetpack_seo_noindex":false,"_jetpack_memberships_contains_paid_content":false,"footnotes":""},"categories":[40],"tags":[],"class_list":{"0":"post-35377","1":"post","2":"type-post","3":"status-publish","4":"format-standard","5":"has-post-thumbnail","7":"category-destaques"},"jetpack_featured_media_url":"https:\/\/www.paranapraia.com.br\/wp-content\/uploads\/2021\/11\/news_interna_jovemmae_1-1.jpeg","jetpack_sharing_enabled":true,"_links":{"self":[{"href":"https:\/\/www.paranapraia.com.br\/index.php\/wp-json\/wp\/v2\/posts\/35377"}],"collection":[{"href":"https:\/\/www.paranapraia.com.br\/index.php\/wp-json\/wp\/v2\/posts"}],"about":[{"href":"https:\/\/www.paranapraia.com.br\/index.php\/wp-json\/wp\/v2\/types\/post"}],"author":[{"embeddable":true,"href":"https:\/\/www.paranapraia.com.br\/index.php\/wp-json\/wp\/v2\/users\/2"}],"replies":[{"embeddable":true,"href":"https:\/\/www.paranapraia.com.br\/index.php\/wp-json\/wp\/v2\/comments?post=35377"}],"version-history":[{"count":1,"href":"https:\/\/www.paranapraia.com.br\/index.php\/wp-json\/wp\/v2\/posts\/35377\/revisions"}],"predecessor-version":[{"id":35379,"href":"https:\/\/www.paranapraia.com.br\/index.php\/wp-json\/wp\/v2\/posts\/35377\/revisions\/35379"}],"wp:featuredmedia":[{"embeddable":true,"href":"https:\/\/www.paranapraia.com.br\/index.php\/wp-json\/wp\/v2\/media\/35378"}],"wp:attachment":[{"href":"https:\/\/www.paranapraia.com.br\/index.php\/wp-json\/wp\/v2\/media?parent=35377"}],"wp:term":[{"taxonomy":"category","embeddable":true,"href":"https:\/\/www.paranapraia.com.br\/index.php\/wp-json\/wp\/v2\/categories?post=35377"},{"taxonomy":"post_tag","embeddable":true,"href":"https:\/\/www.paranapraia.com.br\/index.php\/wp-json\/wp\/v2\/tags?post=35377"}],"curies":[{"name":"wp","href":"https:\/\/api.w.org\/{rel}","templated":true}]}}