{"id":35371,"date":"2021-11-06T09:20:00","date_gmt":"2021-11-06T12:20:00","guid":{"rendered":"https:\/\/www.paranapraia.com.br\/?p=35371"},"modified":"2021-11-09T09:27:09","modified_gmt":"2021-11-09T12:27:09","slug":"campanha-novembro-vermelho-alerta-para-casos-de-cancer-de-boca-em-homens","status":"publish","type":"post","link":"https:\/\/www.paranapraia.com.br\/index.php\/2021\/11\/06\/campanha-novembro-vermelho-alerta-para-casos-de-cancer-de-boca-em-homens\/","title":{"rendered":"Campanha Novembro Vermelho alerta para casos de c\u00e2ncer de boca em homens"},"content":{"rendered":"\n<p>O Novembro Vermelho, m\u00eas de conscientiza\u00e7\u00e3o e preven\u00e7\u00e3o do c\u00e2ncer de boca, junta-se ao Novembro Azul enfatizando a import\u00e2ncia dos cuidados da sa\u00fade do homem. Esse tipo de c\u00e2ncer atinge mais a popula\u00e7\u00e3o masculina.<\/p>\n\n\n\n<p>Com o objetivo de combater precocemente a doen\u00e7a, a Secretaria de Estado da Sa\u00fade (Sesa) promove durante o m\u00eas&nbsp;v\u00e1rias a\u00e7\u00f5es voltadas para esse p\u00fablico-alvo. Entre elas, palestras sobre c\u00e2ncer de boca, lives com especialistas e contato direto com os agentes municipais, a fim de desenvolver atividades junto \u00e0s Unidades B\u00e1sicas de Sa\u00fade.<\/p>\n\n\n\n<p>\u201cO c\u00e2ncer de boca tamb\u00e9m pode levar \u00e0 morte e as pessoas precisam saber disso. A Campanha Novembro Vermelho chama a aten\u00e7\u00e3o dos profissionais de sa\u00fade bucal, como dentistas, auxiliares e t\u00e9cnicos em sa\u00fade bucal e, principalmente, da popula\u00e7\u00e3o em geral para esse tipo de doen\u00e7a e suas implica\u00e7\u00f5es\u201d, disse o secret\u00e1rio estadual da Sa\u00fade, Beto Preto.<\/p>\n\n\n\n<ul class=\"wp-block-list\"><li><strong><a href=\"https:\/\/www.aen.pr.gov.br\/modules\/noticias\/article.php?storyid=116306&amp;tit=Novembro-Azul-de-2021-pretende-aproximar-homens-das-Unidades-de-Saude-\" target=\"_blank\" rel=\"noreferrer noopener\">Novembro Azul de 2021 pretende aproximar homens das Unidades de Sa\u00fade<\/a><\/strong><\/li><li><a href=\"https:\/\/www.aen.pr.gov.br\/modules\/noticias\/article.php?storyid=116225&amp;tit=Parana-sera-contemplado-com-recursos-federais-para-reforcar-retomada-de-cirurgias-eletivas\" target=\"_blank\" rel=\"noreferrer noopener\"><strong>Paran\u00e1 ser\u00e1 contemplado com recursos federais para refor\u00e7ar cirurgias eletivas<\/strong><\/a><\/li><\/ul>\n\n\n\n<p>Segundo o Instituto Nacional de C\u00e2ncer (Inca), a estimativa de novos casos no Brasil em 2020 foi de 15.190 casos, sendo 11.180 homens e 4.010 mulheres. No Paran\u00e1, o n\u00famero chega a quase mil casos. Esse tipo de c\u00e2ncer \u00e9 o quinto mais frequente entre homens e o s\u00e9timo em mulheres. O maior risco est\u00e1 entre homens com mais de 40 anos, fumantes ou que consomem bebidas alco\u00f3licas em excesso. A exposi\u00e7\u00e3o ao sol sem prote\u00e7\u00e3o e&nbsp;a infec\u00e7\u00e3o causada pelo papilomav\u00edrus (HPV) tamb\u00e9m s\u00e3o fatores de risco.<\/p>\n\n\n\n<p>De acordo com a diretora de Aten\u00e7\u00e3o e Vigil\u00e2ncia em Sa\u00fade, Maria Goretti David Lopes, as campanhas em prol da sa\u00fade s\u00e3o um est\u00edmulo \u00e0 conscientiza\u00e7\u00e3o da popula\u00e7\u00e3o e enfatizam a import\u00e2ncia da preven\u00e7\u00e3o e do tratamento precoce. \u201cDiante da grande proximidade das duas tem\u00e1ticas, sendo o c\u00e2ncer de boca muito prevalente na popula\u00e7\u00e3o masculina, a Secretaria da Sa\u00fade promove o Novembro Azul\/Vermelho alertando, de v\u00e1rias formas, os cuidados que os homens devem ter em rela\u00e7\u00e3o \u00e0 pr\u00f3pria sa\u00fade\u201d, enfatizou.<\/p>\n\n\n\n<ul class=\"wp-block-list\"><li><strong><a href=\"https:\/\/www.aen.pr.gov.br\/modules\/noticias\/article.php?storyid=116175&amp;tit=Acoes-para-o-pos-pandemia-devem-ser-prioridade-no-planejamento-regional-da-Saude\" target=\"_blank\" rel=\"noreferrer noopener\">A\u00e7\u00f5es para o p\u00f3s-pandemia devem ser prioridade no planejamento regional<\/a><\/strong><\/li><\/ul>\n\n\n\n<p><strong>SINAIS&nbsp;<\/strong>\u2013&nbsp;O c\u00e2ncer da boca (tamb\u00e9m conhecido como c\u00e2ncer de l\u00e1bio e cavidade oral) \u00e9 um tumor maligno que afeta l\u00e1bios, estruturas da boca, como gengivas, bochechas, c\u00e9u da boca, l\u00edngua (principalmente as bordas) e a regi\u00e3o embaixo dela. A maioria dos casos \u00e9 diagnosticada em est\u00e1gios avan\u00e7ados.<\/p>\n\n\n\n<p><strong>CAMPANHA&nbsp;<\/strong>\u2013&nbsp;O Novembro Vermelho foi criada em 2019 por meio de uma lei estadual e tem como objetivo conscientizar a popula\u00e7\u00e3o sobre a import\u00e2ncia de prevenir e combater o c\u00e2ncer de boca, enfatizando a sua gravidade, a necessidade de cuidados e o diagn\u00f3stico precoce.<\/p>\n\n\n\n<p>Tamb\u00e9m s\u00e3o objetivos estabelecer diretrizes para o desenvolvimento de a\u00e7\u00f5es integradas envolvendo a popula\u00e7\u00e3o, \u00f3rg\u00e3os p\u00fablicos e empresas privadas&nbsp;e, ainda,&nbsp;detectar precocemente les\u00f5es malignas na cavidade oral e nos l\u00e1bios, al\u00e9m de encaminhar o paciente para um tratamento adequado.<\/p>\n\n\n\n<p><strong>LEI NACIONAL\u00a0<\/strong>\u2013 A Semana Nacional de Preven\u00e7\u00e3o do C\u00e2ncer Bucal no Brasil acontece de 05 a 09 de novembro e est\u00e1 prevista na Lei n\u00ba 13.230\/2015. O objetivo da data \u00e9 estimular, junto aos gestores e \u00e0 popula\u00e7\u00e3o, a\u00e7\u00f5es preventivas, campanhas educativas, debater pol\u00edticas p\u00fablicas, apoiar atividades organizadas e desenvolvidas pela sociedade civil, entre outros.<\/p>\n\n\n\n<p>AEN<\/p>\n","protected":false},"excerpt":{"rendered":"<p>O Novembro Vermelho, m\u00eas de conscientiza\u00e7\u00e3o e preven\u00e7\u00e3o do c\u00e2ncer de boca, junta-se ao Novembro Azul enfatizando a import\u00e2ncia dos cuidados da sa\u00fade do homem. Esse tipo de c\u00e2ncer atinge mais a popula\u00e7\u00e3o masculina. Com o objetivo de combater precocemente a doen\u00e7a, a Secretaria de Estado da Sa\u00fade (Sesa) promove durante o m\u00eas&nbsp;v\u00e1rias a\u00e7\u00f5es voltadas [&hellip;]<\/p>\n","protected":false},"author":2,"featured_media":35372,"comment_status":"open","ping_status":"open","sticky":false,"template":"","format":"standard","meta":{"advanced_seo_description":"","jetpack_seo_html_title":"","jetpack_seo_noindex":false,"_jetpack_memberships_contains_paid_content":false,"footnotes":""},"categories":[50],"tags":[],"class_list":{"0":"post-35371","1":"post","2":"type-post","3":"status-publish","4":"format-standard","5":"has-post-thumbnail","7":"category-saude"},"jetpack_featured_media_url":"https:\/\/www.paranapraia.com.br\/wp-content\/uploads\/2021\/11\/news_interna_capamateria.jpg","jetpack_sharing_enabled":true,"_links":{"self":[{"href":"https:\/\/www.paranapraia.com.br\/index.php\/wp-json\/wp\/v2\/posts\/35371"}],"collection":[{"href":"https:\/\/www.paranapraia.com.br\/index.php\/wp-json\/wp\/v2\/posts"}],"about":[{"href":"https:\/\/www.paranapraia.com.br\/index.php\/wp-json\/wp\/v2\/types\/post"}],"author":[{"embeddable":true,"href":"https:\/\/www.paranapraia.com.br\/index.php\/wp-json\/wp\/v2\/users\/2"}],"replies":[{"embeddable":true,"href":"https:\/\/www.paranapraia.com.br\/index.php\/wp-json\/wp\/v2\/comments?post=35371"}],"version-history":[{"count":1,"href":"https:\/\/www.paranapraia.com.br\/index.php\/wp-json\/wp\/v2\/posts\/35371\/revisions"}],"predecessor-version":[{"id":35373,"href":"https:\/\/www.paranapraia.com.br\/index.php\/wp-json\/wp\/v2\/posts\/35371\/revisions\/35373"}],"wp:featuredmedia":[{"embeddable":true,"href":"https:\/\/www.paranapraia.com.br\/index.php\/wp-json\/wp\/v2\/media\/35372"}],"wp:attachment":[{"href":"https:\/\/www.paranapraia.com.br\/index.php\/wp-json\/wp\/v2\/media?parent=35371"}],"wp:term":[{"taxonomy":"category","embeddable":true,"href":"https:\/\/www.paranapraia.com.br\/index.php\/wp-json\/wp\/v2\/categories?post=35371"},{"taxonomy":"post_tag","embeddable":true,"href":"https:\/\/www.paranapraia.com.br\/index.php\/wp-json\/wp\/v2\/tags?post=35371"}],"curies":[{"name":"wp","href":"https:\/\/api.w.org\/{rel}","templated":true}]}}