{"id":35358,"date":"2021-11-08T15:39:55","date_gmt":"2021-11-08T18:39:55","guid":{"rendered":"https:\/\/www.paranapraia.com.br\/?p=35358"},"modified":"2021-11-08T15:39:57","modified_gmt":"2021-11-08T18:39:57","slug":"parana-ultrapassa-80-da-populacao-adulta-completamente-vacinada-contra-a-covid-19","status":"publish","type":"post","link":"https:\/\/www.paranapraia.com.br\/index.php\/2021\/11\/08\/parana-ultrapassa-80-da-populacao-adulta-completamente-vacinada-contra-a-covid-19\/","title":{"rendered":"Paran\u00e1 ultrapassa 80% da popula\u00e7\u00e3o adulta completamente vacinada contra a Covid-19"},"content":{"rendered":"\n<p>O Paran\u00e1&nbsp;alcan\u00e7ou a marca de 80,2% da popula\u00e7\u00e3o adulta completamente imunizada&nbsp;contra a Covid-19 (vacinada com a primeira e segunda&nbsp;doses&nbsp;ou dose \u00fanica). S\u00e3o 7.001.518 paranaenses com o esquema vacinal completo, segundo o Vacin\u00f4metro.&nbsp;A an\u00e1lise \u00e9 baseada na estimativa&nbsp;do Minist\u00e9rio da Sa\u00fade,&nbsp;que aponta&nbsp;o Estado com uma popula\u00e7\u00e3o&nbsp;vacin\u00e1vel&nbsp;de 8.720.953 pessoas.<\/p>\n\n\n\n<p>A&nbsp;expectativa&nbsp;da Secretaria de Estado da Sa\u00fade (Sesa)&nbsp;\u00e9 chegar em&nbsp;85% da popula\u00e7\u00e3o acima de 18 anos com&nbsp;o esquema completo de vacina\u00e7\u00e3o&nbsp;at\u00e9 ao final deste m\u00eas.<\/p>\n\n\n\n<p>\u201cEstima-se que at\u00e9 dezembro consigamos chegar na nova meta, permitindo, desta forma, novas flexibiliza\u00e7\u00f5es, conforme orienta\u00e7\u00e3o do Governo do Estado. Desde que n\u00e3o tenhamos crescimento de novos casos podemos modificar ainda mais algumas regras&#8221;, disse o secret\u00e1rio de Estado da Sa\u00fade, Beto Preto.<\/p>\n\n\n\n<p>Em adolescentes a vacina\u00e7\u00e3o&nbsp;tamb\u00e9m avan\u00e7ou nas \u00faltimas semanas. Dos 936.296 jovens de 12 a 17 anos, 532.634 receberam a primeira dose, que corresponde a cerca de 57% desse p\u00fablico. \u201cO n\u00famero de adolescentes vacinados no Estado aumenta a cada dia. Mais da metade j\u00e1 est\u00e1 com a primeira dose. Esperamos novas remessas de vacinas para os nossos jovens\u201d, disse Beto Preto.<\/p>\n\n\n\n<p>De acordo com o cons\u00f3rcio dos ve\u00edculos de imprensa, o Paran\u00e1 est\u00e1 perto de atingir 60% da popula\u00e7\u00e3o (adultos e crian\u00e7as) com as duas doses ou a dose \u00fanica.&nbsp;Os estados com maior porcentagem da popula\u00e7\u00e3o imunizada s\u00e3o S\u00e3o Paulo (69,46%), Mato Grosso do Sul (65,13%), Rio Grande do Sul (61,88%), Santa Catarina (59,79%) e Paran\u00e1 (58,56%). A m\u00e9dia nacional \u00e9 de 56%.<\/p>\n\n\n\n<p><strong>DISTRIBUI\u00c7\u00c3O&nbsp;<\/strong>\u2013 A Sesa j\u00e1 distribuiu&nbsp;<a href=\"https:\/\/www.aen.pr.gov.br\/modules\/noticias\/article.php?storyid=116348&amp;tit=Estado-envia-mais-671-mil-doses-de-vacinas-contra-a-Covid-19-aos-municipios\" target=\"_blank\" rel=\"noreferrer noopener\">671.600 imunizantes<\/a>&nbsp;para adolescentes, trabalhadores da sa\u00fade, idosos e a popula\u00e7\u00e3o em geral em novembro. Nesta segunda-feira mais&nbsp;<a href=\"https:\/\/www.aen.pr.gov.br\/modules\/noticias\/article.php?storyid=116426&amp;tit=Semana-inicia-com-desembarque-de-161.460-doses-de-vacinas-contra-a-Covid-19-no-Parana\" target=\"_blank\" rel=\"noreferrer noopener\">161 mil doses<\/a>&nbsp;chegaram ao Estado e dentro de alguns dias tamb\u00e9m ser\u00e3o repassadas aos munic\u00edpios.&nbsp;\u201c\u00c9 importante refor\u00e7ar a import\u00e2ncia de se completar o ciclo. S\u00e3o as duas doses que garantem a imuniza\u00e7\u00e3o completa, o que realmente vai proteger as pessoas\u201d, disse o secret\u00e1rio.<\/p>\n\n\n\n<p><strong>EM N\u00daMEROS\u00a0<\/strong>\u2013 O Paran\u00e1 \u00e9 um dos estados que mais vacinou no Pa\u00eds: s\u00e3o 16.279.177 vacinas aplicadas. Apenas entre setembro e outubro foram 4,8 mil\u00a0aplica\u00e7\u00f5es. Mesmo assim, a Secretaria de Sa\u00fade refor\u00e7ou o pedido para que a popula\u00e7\u00e3o busque a segunda dose, quando alcan\u00e7ar o lapso temporal. Cerca de 3% a 5%\u00a0n\u00e3o se vacinaram com nenhuma dose.<\/p>\n\n\n\n<p>AEN<\/p>\n","protected":false},"excerpt":{"rendered":"<p>O Paran\u00e1&nbsp;alcan\u00e7ou a marca de 80,2% da popula\u00e7\u00e3o adulta completamente imunizada&nbsp;contra a Covid-19 (vacinada com a primeira e segunda&nbsp;doses&nbsp;ou dose \u00fanica). S\u00e3o 7.001.518 paranaenses com o esquema vacinal completo, segundo o Vacin\u00f4metro.&nbsp;A an\u00e1lise \u00e9 baseada na estimativa&nbsp;do Minist\u00e9rio da Sa\u00fade,&nbsp;que aponta&nbsp;o Estado com uma popula\u00e7\u00e3o&nbsp;vacin\u00e1vel&nbsp;de 8.720.953 pessoas. A&nbsp;expectativa&nbsp;da Secretaria de Estado da Sa\u00fade (Sesa)&nbsp;\u00e9 chegar [&hellip;]<\/p>\n","protected":false},"author":2,"featured_media":35359,"comment_status":"open","ping_status":"open","sticky":false,"template":"","format":"standard","meta":{"advanced_seo_description":"","jetpack_seo_html_title":"","jetpack_seo_noindex":false,"_jetpack_memberships_contains_paid_content":false,"footnotes":""},"categories":[40],"tags":[],"class_list":{"0":"post-35358","1":"post","2":"type-post","3":"status-publish","4":"format-standard","5":"has-post-thumbnail","7":"category-destaques"},"jetpack_featured_media_url":"https:\/\/www.paranapraia.com.br\/wp-content\/uploads\/2021\/11\/news_interna_vacina_17.jpg","jetpack_sharing_enabled":true,"_links":{"self":[{"href":"https:\/\/www.paranapraia.com.br\/index.php\/wp-json\/wp\/v2\/posts\/35358"}],"collection":[{"href":"https:\/\/www.paranapraia.com.br\/index.php\/wp-json\/wp\/v2\/posts"}],"about":[{"href":"https:\/\/www.paranapraia.com.br\/index.php\/wp-json\/wp\/v2\/types\/post"}],"author":[{"embeddable":true,"href":"https:\/\/www.paranapraia.com.br\/index.php\/wp-json\/wp\/v2\/users\/2"}],"replies":[{"embeddable":true,"href":"https:\/\/www.paranapraia.com.br\/index.php\/wp-json\/wp\/v2\/comments?post=35358"}],"version-history":[{"count":1,"href":"https:\/\/www.paranapraia.com.br\/index.php\/wp-json\/wp\/v2\/posts\/35358\/revisions"}],"predecessor-version":[{"id":35360,"href":"https:\/\/www.paranapraia.com.br\/index.php\/wp-json\/wp\/v2\/posts\/35358\/revisions\/35360"}],"wp:featuredmedia":[{"embeddable":true,"href":"https:\/\/www.paranapraia.com.br\/index.php\/wp-json\/wp\/v2\/media\/35359"}],"wp:attachment":[{"href":"https:\/\/www.paranapraia.com.br\/index.php\/wp-json\/wp\/v2\/media?parent=35358"}],"wp:term":[{"taxonomy":"category","embeddable":true,"href":"https:\/\/www.paranapraia.com.br\/index.php\/wp-json\/wp\/v2\/categories?post=35358"},{"taxonomy":"post_tag","embeddable":true,"href":"https:\/\/www.paranapraia.com.br\/index.php\/wp-json\/wp\/v2\/tags?post=35358"}],"curies":[{"name":"wp","href":"https:\/\/api.w.org\/{rel}","templated":true}]}}