{"id":35347,"date":"2021-11-08T13:45:36","date_gmt":"2021-11-08T16:45:36","guid":{"rendered":"https:\/\/www.paranapraia.com.br\/?p=35347"},"modified":"2021-11-08T13:45:39","modified_gmt":"2021-11-08T16:45:39","slug":"centro-para-avaliacao-e-atendimento-especializado-e-inaugurado-em-matinhos","status":"publish","type":"post","link":"https:\/\/www.paranapraia.com.br\/index.php\/2021\/11\/08\/centro-para-avaliacao-e-atendimento-especializado-e-inaugurado-em-matinhos\/","title":{"rendered":"Centro para avalia\u00e7\u00e3o e atendimento especializado \u00e9 inaugurado em Matinhos"},"content":{"rendered":"\n<p>Foi inaugurado nesta sexta-feira (5) o CMAAE, Centro Municipal de Avalia\u00e7\u00e3o e Atendimento Especializado. A cerim\u00f4nia contou com a presen\u00e7a do prefeito Z\u00e9 da Ecler, da primeira-dama Regina Viana, do secret\u00e1rio municipal de Educa\u00e7\u00e3o, Alcides Benato, e de diversas autoridades. Na solenidade, ainda foi apresentada a equipe que ir\u00e1 atuar no novo espa\u00e7o.O CMAAE ir\u00e1 ofertar avalia\u00e7\u00e3o diagn\u00f3stica psicoeducacional e atendimento terap\u00eautico-educacional a alunos com necessidades educacionais especiais.<\/p>\n\n\n\n<figure class=\"wp-block-image size-large\"><img loading=\"lazy\" decoding=\"async\" width=\"1024\" height=\"683\" src=\"https:\/\/www.paranapraia.com.br\/wp-content\/uploads\/2021\/11\/251654934_1575345816141320_1928609622696161752_n-1024x683.jpg\" alt=\"\" class=\"wp-image-35349\" srcset=\"https:\/\/www.paranapraia.com.br\/wp-content\/uploads\/2021\/11\/251654934_1575345816141320_1928609622696161752_n-1024x683.jpg 1024w, https:\/\/www.paranapraia.com.br\/wp-content\/uploads\/2021\/11\/251654934_1575345816141320_1928609622696161752_n-300x200.jpg 300w, https:\/\/www.paranapraia.com.br\/wp-content\/uploads\/2021\/11\/251654934_1575345816141320_1928609622696161752_n-768x512.jpg 768w, https:\/\/www.paranapraia.com.br\/wp-content\/uploads\/2021\/11\/251654934_1575345816141320_1928609622696161752_n-1536x1024.jpg 1536w, https:\/\/www.paranapraia.com.br\/wp-content\/uploads\/2021\/11\/251654934_1575345816141320_1928609622696161752_n-696x464.jpg 696w, https:\/\/www.paranapraia.com.br\/wp-content\/uploads\/2021\/11\/251654934_1575345816141320_1928609622696161752_n-1068x712.jpg 1068w, https:\/\/www.paranapraia.com.br\/wp-content\/uploads\/2021\/11\/251654934_1575345816141320_1928609622696161752_n-630x420.jpg 630w, https:\/\/www.paranapraia.com.br\/wp-content\/uploads\/2021\/11\/251654934_1575345816141320_1928609622696161752_n.jpg 2048w\" sizes=\"(max-width: 1024px) 100vw, 1024px\" \/><\/figure>\n\n\n\n<p>O objetivo \u00e9 desenvolver suas potencialidades e promover resgate de melhores condi\u00e7\u00f5es de desempenho pessoal, escolar e social. O endere\u00e7o \u00e9 Rua Cerro Azul, n.\u00ba 86, no Centro.Ainda estiveram presentes na solenidade de inaugura\u00e7\u00e3o os secret\u00e1rios de Meio Ambiente, Ari Nomax; de Defesa Social, Aldemir Zwetsch J\u00fanior; de Planejamento, Ivo Mendes J\u00fanior; e de Finan\u00e7as, Roberto Pires. Representando o Legislativo, acompanharam a cerim\u00f4nia os vereadores M\u00e1rio Braga (PODE), que preside da C\u00e2mara Municipal, Lucas Pesco (PSC), N\u00edvea Gurski (PSD), Almir (PROS) e M\u00e1rcio do Seda (PL).<\/p>\n\n\n\n<p>Departamento de Comunica\u00e7\u00e3o<\/p>\n\n\n\n<p>Prefeitura de Matinhos<\/p>\n","protected":false},"excerpt":{"rendered":"<p>Foi inaugurado nesta sexta-feira (5) o CMAAE, Centro Municipal de Avalia\u00e7\u00e3o e Atendimento Especializado. A cerim\u00f4nia contou com a presen\u00e7a do prefeito Z\u00e9 da Ecler, da primeira-dama Regina Viana, do secret\u00e1rio municipal de Educa\u00e7\u00e3o, Alcides Benato, e de diversas autoridades. Na solenidade, ainda foi apresentada a equipe que ir\u00e1 atuar no novo espa\u00e7o.O CMAAE ir\u00e1 [&hellip;]<\/p>\n","protected":false},"author":2,"featured_media":35348,"comment_status":"open","ping_status":"open","sticky":false,"template":"","format":"standard","meta":{"advanced_seo_description":"","jetpack_seo_html_title":"","jetpack_seo_noindex":false,"_jetpack_memberships_contains_paid_content":false,"footnotes":""},"categories":[40],"tags":[],"class_list":{"0":"post-35347","1":"post","2":"type-post","3":"status-publish","4":"format-standard","5":"has-post-thumbnail","7":"category-destaques"},"jetpack_featured_media_url":"https:\/\/www.paranapraia.com.br\/wp-content\/uploads\/2021\/11\/254119824_1575343442808224_103148509406611326_n.jpg","jetpack_sharing_enabled":true,"_links":{"self":[{"href":"https:\/\/www.paranapraia.com.br\/index.php\/wp-json\/wp\/v2\/posts\/35347"}],"collection":[{"href":"https:\/\/www.paranapraia.com.br\/index.php\/wp-json\/wp\/v2\/posts"}],"about":[{"href":"https:\/\/www.paranapraia.com.br\/index.php\/wp-json\/wp\/v2\/types\/post"}],"author":[{"embeddable":true,"href":"https:\/\/www.paranapraia.com.br\/index.php\/wp-json\/wp\/v2\/users\/2"}],"replies":[{"embeddable":true,"href":"https:\/\/www.paranapraia.com.br\/index.php\/wp-json\/wp\/v2\/comments?post=35347"}],"version-history":[{"count":1,"href":"https:\/\/www.paranapraia.com.br\/index.php\/wp-json\/wp\/v2\/posts\/35347\/revisions"}],"predecessor-version":[{"id":35350,"href":"https:\/\/www.paranapraia.com.br\/index.php\/wp-json\/wp\/v2\/posts\/35347\/revisions\/35350"}],"wp:featuredmedia":[{"embeddable":true,"href":"https:\/\/www.paranapraia.com.br\/index.php\/wp-json\/wp\/v2\/media\/35348"}],"wp:attachment":[{"href":"https:\/\/www.paranapraia.com.br\/index.php\/wp-json\/wp\/v2\/media?parent=35347"}],"wp:term":[{"taxonomy":"category","embeddable":true,"href":"https:\/\/www.paranapraia.com.br\/index.php\/wp-json\/wp\/v2\/categories?post=35347"},{"taxonomy":"post_tag","embeddable":true,"href":"https:\/\/www.paranapraia.com.br\/index.php\/wp-json\/wp\/v2\/tags?post=35347"}],"curies":[{"name":"wp","href":"https:\/\/api.w.org\/{rel}","templated":true}]}}