{"id":35344,"date":"2021-11-08T13:20:34","date_gmt":"2021-11-08T16:20:34","guid":{"rendered":"https:\/\/www.paranapraia.com.br\/?p=35344"},"modified":"2021-11-08T13:20:36","modified_gmt":"2021-11-08T16:20:36","slug":"semana-inicia-com-desembarque-de-161-460-doses-de-vacinas-contra-a-covid-19-no-parana","status":"publish","type":"post","link":"https:\/\/www.paranapraia.com.br\/index.php\/2021\/11\/08\/semana-inicia-com-desembarque-de-161-460-doses-de-vacinas-contra-a-covid-19-no-parana\/","title":{"rendered":"Semana inicia com desembarque de 161.460 doses de vacinas contra a Covid-19 no Paran\u00e1"},"content":{"rendered":"\n<p>O Paran\u00e1 recebeu nesta segunda-feira (8) mais 161.460 doses de vacinas contra a Covid-19. A nova remessa \u00e9 do imunizante da Pfizer\/BioNTech e ainda aguarda a divulga\u00e7\u00e3o do informe t\u00e9cnico do governo federal com a defini\u00e7\u00e3o do p\u00fablico-alvo. O lote&nbsp;desembarcou&nbsp;no Aeroporto Afonso Pena, em S\u00e3o Jos\u00e9 dos Pinhais, na Regi\u00e3o Metropolitana de Curitiba, \u00e0s 09h15.<\/p>\n\n\n\n<p>O secret\u00e1rio estadual da Sa\u00fade, Beto Preto, acompanhou a chegada dos imunizantes no Centro de Medicamentos do Paran\u00e1 (Cemepar), em Curitiba, e falou sobre o avan\u00e7o da vacina\u00e7\u00e3o no Estado e a contribui\u00e7\u00e3o dos munic\u00edpios para que as doses chegam at\u00e9 a popula\u00e7\u00e3o.<\/p>\n\n\n\n<p>\u201cA estrat\u00e9gia toda \u00e9 pensada junto com os munic\u00edpios paranaenses. Por vezes, as doses chegam \u00e0 noite, no outro dia j\u00e1 est\u00e3o nas Regionais e logo s\u00e3o aplicadas na popula\u00e7\u00e3o. Um trabalho din\u00e2mico. No decorrer deste m\u00eas receberemos mais vacinas, possibilitando avan\u00e7ar ainda mais\u201d, disse o secret\u00e1rio. As vacinas ser\u00e3o conferidas e organizadas para distribui\u00e7\u00e3o&nbsp;&nbsp;\u00e0s 22 Regionais de Sa\u00fade.<\/p>\n\n\n\n<p><strong>APLICA\u00c7\u00c3O\u00a0<\/strong>\u2013 De acordo com os dados do Vacin\u00f4metro nacional, j\u00e1 s\u00e3o 16.279.177 doses de\u00a0vacinas contra a Covid-19 aplicadas no Paran\u00e1. Destas,\u00a08.830.538 primeiras doses (D1) e mais 7.001.518\u00a0entre segundas doses\u00a0e doses \u00fanicas. O\u00a0Estado tamb\u00e9m registra a aplica\u00e7\u00e3o de 43.001 doses adicionais (DA) e 574.350 doses de refor\u00e7o (DR).<\/p>\n\n\n\n<p>AEN<\/p>\n","protected":false},"excerpt":{"rendered":"<p>O Paran\u00e1 recebeu nesta segunda-feira (8) mais 161.460 doses de vacinas contra a Covid-19. A nova remessa \u00e9 do imunizante da Pfizer\/BioNTech e ainda aguarda a divulga\u00e7\u00e3o do informe t\u00e9cnico do governo federal com a defini\u00e7\u00e3o do p\u00fablico-alvo. O lote&nbsp;desembarcou&nbsp;no Aeroporto Afonso Pena, em S\u00e3o Jos\u00e9 dos Pinhais, na Regi\u00e3o Metropolitana de Curitiba, \u00e0s 09h15. [&hellip;]<\/p>\n","protected":false},"author":2,"featured_media":35345,"comment_status":"open","ping_status":"open","sticky":false,"template":"","format":"standard","meta":{"advanced_seo_description":"","jetpack_seo_html_title":"","jetpack_seo_noindex":false,"_jetpack_memberships_contains_paid_content":false,"footnotes":""},"categories":[40],"tags":[],"class_list":{"0":"post-35344","1":"post","2":"type-post","3":"status-publish","4":"format-standard","5":"has-post-thumbnail","7":"category-destaques"},"jetpack_featured_media_url":"https:\/\/www.paranapraia.com.br\/wp-content\/uploads\/2021\/11\/news_interna_DSC_9361-1.jpg","jetpack_sharing_enabled":true,"_links":{"self":[{"href":"https:\/\/www.paranapraia.com.br\/index.php\/wp-json\/wp\/v2\/posts\/35344"}],"collection":[{"href":"https:\/\/www.paranapraia.com.br\/index.php\/wp-json\/wp\/v2\/posts"}],"about":[{"href":"https:\/\/www.paranapraia.com.br\/index.php\/wp-json\/wp\/v2\/types\/post"}],"author":[{"embeddable":true,"href":"https:\/\/www.paranapraia.com.br\/index.php\/wp-json\/wp\/v2\/users\/2"}],"replies":[{"embeddable":true,"href":"https:\/\/www.paranapraia.com.br\/index.php\/wp-json\/wp\/v2\/comments?post=35344"}],"version-history":[{"count":1,"href":"https:\/\/www.paranapraia.com.br\/index.php\/wp-json\/wp\/v2\/posts\/35344\/revisions"}],"predecessor-version":[{"id":35346,"href":"https:\/\/www.paranapraia.com.br\/index.php\/wp-json\/wp\/v2\/posts\/35344\/revisions\/35346"}],"wp:featuredmedia":[{"embeddable":true,"href":"https:\/\/www.paranapraia.com.br\/index.php\/wp-json\/wp\/v2\/media\/35345"}],"wp:attachment":[{"href":"https:\/\/www.paranapraia.com.br\/index.php\/wp-json\/wp\/v2\/media?parent=35344"}],"wp:term":[{"taxonomy":"category","embeddable":true,"href":"https:\/\/www.paranapraia.com.br\/index.php\/wp-json\/wp\/v2\/categories?post=35344"},{"taxonomy":"post_tag","embeddable":true,"href":"https:\/\/www.paranapraia.com.br\/index.php\/wp-json\/wp\/v2\/tags?post=35344"}],"curies":[{"name":"wp","href":"https:\/\/api.w.org\/{rel}","templated":true}]}}