{"id":35334,"date":"2021-11-08T11:04:14","date_gmt":"2021-11-08T14:04:14","guid":{"rendered":"https:\/\/www.paranapraia.com.br\/?p=35334"},"modified":"2021-11-08T13:00:11","modified_gmt":"2021-11-08T16:00:11","slug":"mdb-realiza-convencao-estadual-da-juventude","status":"publish","type":"post","link":"https:\/\/www.paranapraia.com.br\/index.php\/2021\/11\/08\/mdb-realiza-convencao-estadual-da-juventude\/","title":{"rendered":"MDB realiza Conven\u00e7\u00e3o Estadual da Juventude"},"content":{"rendered":"\n<p>Mais de 300 jovens participaram neste s\u00e1bado (06) da Conven\u00e7\u00e3o Estadual da Juventude do MDB, realizada em Almirante Tamandar\u00e9, na Regi\u00e3o Metropolitana de Curitiba. Ap\u00f3s um per\u00edodo sem o n\u00facleo jovem no Paran\u00e1, o atual presidente da comiss\u00e3o provis\u00f3ria, Eduardo Ferreira, foi conduzido para presidir o novo Diret\u00f3rio da JMDB-PR.<\/p>\n\n\n\n<p>Al\u00e9m das lideran\u00e7as paranaenses, prefeitos e vereadores, o evento contou com a presen\u00e7a do presidente Nacional da JMDB, Norton Soares, do vice-presidente Nacional da JMDB, Ivon Lendl, o presidente da JMDB do Distrito Federal, Leonardo Resende, o presidente nacional do MDB Afro, Nestor Neto, e do coordenador dos N\u00facleos do MDB Nacional, Bruno Gabriel.<\/p>\n\n\n\n<p>Ao saudar os convencionais, o presidente Nacional da JMDB, Norton Soares, destacou o papel do MDB do Paran\u00e1. \u201cNosso amigo Eduardo assume hoje um compromisso important\u00edssimo, que \u00e9 junto do presidente Anibelli Neto, fazer sucesso na reconstru\u00e7\u00e3o do MDB do Paran\u00e1, momento crucial para todos n\u00f3s, que estejamos unidos nessa reconstru\u00e7\u00e3o. Logo o partido ser\u00e1 aquele que determinava os rumos, e que a gente sabe o peso que o MDB tem at\u00e9 hoje, e j\u00e1 est\u00e1 nesse processo de retomar o protagonismo que sempre foi seu e merece ser seu\u201d.<\/p>\n\n\n\n<figure class=\"wp-block-image size-large\"><img loading=\"lazy\" decoding=\"async\" width=\"1024\" height=\"683\" src=\"https:\/\/www.paranapraia.com.br\/wp-content\/uploads\/2021\/11\/WhatsApp-Image-2021-11-08-at-11.03.20-1024x683.jpeg\" alt=\"\" class=\"wp-image-35338\" srcset=\"https:\/\/www.paranapraia.com.br\/wp-content\/uploads\/2021\/11\/WhatsApp-Image-2021-11-08-at-11.03.20-1024x683.jpeg 1024w, https:\/\/www.paranapraia.com.br\/wp-content\/uploads\/2021\/11\/WhatsApp-Image-2021-11-08-at-11.03.20-300x200.jpeg 300w, https:\/\/www.paranapraia.com.br\/wp-content\/uploads\/2021\/11\/WhatsApp-Image-2021-11-08-at-11.03.20-768x512.jpeg 768w, https:\/\/www.paranapraia.com.br\/wp-content\/uploads\/2021\/11\/WhatsApp-Image-2021-11-08-at-11.03.20-696x464.jpeg 696w, https:\/\/www.paranapraia.com.br\/wp-content\/uploads\/2021\/11\/WhatsApp-Image-2021-11-08-at-11.03.20-1068x712.jpeg 1068w, https:\/\/www.paranapraia.com.br\/wp-content\/uploads\/2021\/11\/WhatsApp-Image-2021-11-08-at-11.03.20-630x420.jpeg 630w, https:\/\/www.paranapraia.com.br\/wp-content\/uploads\/2021\/11\/WhatsApp-Image-2021-11-08-at-11.03.20.jpeg 1368w\" sizes=\"(max-width: 1024px) 100vw, 1024px\" \/><\/figure>\n\n\n\n<p>O presidente do MDB do Paran\u00e1, deputado Anibelli Neto, lembrou que esta \u00e9 a sexta Conven\u00e7\u00e3o da Juventude do MDB, e aproveitou para fazer um encorajamento ao jovens presentes. \u201cHoje eu gostaria de fazer uma boa provoca\u00e7\u00e3o para juventude, que ao voltarem para seus munic\u00edpios saiam daqui com a vontade de se preparar, de se tornar refer\u00eancia, e n\u00e3o tenham medo de sair candidato, ganhando ou perdendo, mas sem fugir do enfrentamento\u201d. Na vida, para ganhar, voc\u00ea n\u00e3o pode ter medo de perder, pontuou o deputado.<\/p>\n\n\n\n<figure class=\"wp-block-image size-large\"><img loading=\"lazy\" decoding=\"async\" width=\"1024\" height=\"683\" src=\"https:\/\/www.paranapraia.com.br\/wp-content\/uploads\/2021\/11\/254298097_2466173583512679_546238241251971960_n-1024x683.jpg\" alt=\"\" class=\"wp-image-35336\" srcset=\"https:\/\/www.paranapraia.com.br\/wp-content\/uploads\/2021\/11\/254298097_2466173583512679_546238241251971960_n-1024x683.jpg 1024w, https:\/\/www.paranapraia.com.br\/wp-content\/uploads\/2021\/11\/254298097_2466173583512679_546238241251971960_n-300x200.jpg 300w, https:\/\/www.paranapraia.com.br\/wp-content\/uploads\/2021\/11\/254298097_2466173583512679_546238241251971960_n-768x512.jpg 768w, https:\/\/www.paranapraia.com.br\/wp-content\/uploads\/2021\/11\/254298097_2466173583512679_546238241251971960_n-696x464.jpg 696w, https:\/\/www.paranapraia.com.br\/wp-content\/uploads\/2021\/11\/254298097_2466173583512679_546238241251971960_n-1068x712.jpg 1068w, https:\/\/www.paranapraia.com.br\/wp-content\/uploads\/2021\/11\/254298097_2466173583512679_546238241251971960_n-630x420.jpg 630w, https:\/\/www.paranapraia.com.br\/wp-content\/uploads\/2021\/11\/254298097_2466173583512679_546238241251971960_n.jpg 1368w\" sizes=\"(max-width: 1024px) 100vw, 1024px\" \/><\/figure>\n\n\n\n<p>\u201cQue alegria estar aqui, \u00e9 um motivo de muita felicidade ser o presidente da Juventude do MDB do Paran\u00e1, sou um soldado do partido e n\u00e3o vou medir esfor\u00e7os para ajudar nossa juventude. Quero dizer tamb\u00e9m que acredito que cabe a n\u00f3s, jovens, mostrar que pol\u00edtica tem solu\u00e7\u00e3o, e que ela serve para melhorar a vida das pessoas\u201d, disse o novo presidente da JMDB-PR, Eduardo Ferreira.<\/p>\n\n\n\n<p>Composi\u00e7\u00e3o da Executiva Estadual da JMDB eleita para gest\u00e3o 2021\/2023:<\/p>\n\n\n\n<figure class=\"wp-block-image size-large\"><img loading=\"lazy\" decoding=\"async\" width=\"1024\" height=\"683\" src=\"https:\/\/www.paranapraia.com.br\/wp-content\/uploads\/2021\/11\/252088075_2466175190179185_4916899554298723446_n-1024x683.jpg\" alt=\"\" class=\"wp-image-35337\" srcset=\"https:\/\/www.paranapraia.com.br\/wp-content\/uploads\/2021\/11\/252088075_2466175190179185_4916899554298723446_n-1024x683.jpg 1024w, https:\/\/www.paranapraia.com.br\/wp-content\/uploads\/2021\/11\/252088075_2466175190179185_4916899554298723446_n-300x200.jpg 300w, https:\/\/www.paranapraia.com.br\/wp-content\/uploads\/2021\/11\/252088075_2466175190179185_4916899554298723446_n-768x512.jpg 768w, https:\/\/www.paranapraia.com.br\/wp-content\/uploads\/2021\/11\/252088075_2466175190179185_4916899554298723446_n-696x464.jpg 696w, https:\/\/www.paranapraia.com.br\/wp-content\/uploads\/2021\/11\/252088075_2466175190179185_4916899554298723446_n-1068x712.jpg 1068w, https:\/\/www.paranapraia.com.br\/wp-content\/uploads\/2021\/11\/252088075_2466175190179185_4916899554298723446_n-630x420.jpg 630w, https:\/\/www.paranapraia.com.br\/wp-content\/uploads\/2021\/11\/252088075_2466175190179185_4916899554298723446_n.jpg 1368w\" sizes=\"(max-width: 1024px) 100vw, 1024px\" \/><\/figure>\n\n\n\n<p>Presidente: Eduardo Ferreira<br>Vice-presidente: Mariana Matsuo<br>2\u00ba vice-presidente: Rodrigo Bazzi<br>3\u00ba Vice-presidente: Jo\u00e3o Eduardo<br>Secret\u00e1rio-geral: Jucie dos Santos<br>Secret\u00e1rio adjunto: Marcelo Santin<br>Tesoureiro: Eduardo Pucci<br>Tesoureiro adjunto: Lorena Teixera<br>1\u00ba Vogal: Jean Emiliano<br>2\u00ba Vogal: Mateus Lopes<br>3\u00ba Vogal: Lisandro Batista<br>4\u00ba Vogal: Andreia Cunico<br>1\u00ba Suplente: Thiere Felipe<br>2\u00ba Suplente: Adonai Zamboti<br>3\u00ba Suplente: Logan Udson<br>4\u00ba Suplente: Naftali dos Santos<\/p>\n\n\n\n<p>PRESEN\u00c7AS &#8211; Participaram do evento o ex-governador do Paran\u00e1, Orlando Pessuti; deputado estadual e presidente do MDB-PR, Anibelli Neto; deputado estadual Nereu Moura; deputado federal S\u00e9rgio Souza; ex-deputado e 2\u00ba vice-presidente do MDB-PR, Renato Adur; presidente da FUG-PR, Zeca Melo; prefeito de Toledo, Beto Luniti; prefeito de Pontal do Paran\u00e1, Rud\u00e3o Gimenes; prefeito de Almirante Tamandar\u00e9, Gerson Colodel; vereador de Almirante Tamandar\u00e9, Claudinho Zoinho; vereadora Nega, de Pontal do Paran\u00e1; presidente do MDB de Almirante Tamandar\u00e9, professor Zico; presidente Nacional da JMDB, Norton Soares; vice-presidente Nacional da JMDB, Ivon Lendl; presidente da JMDB do Distrito Federal, Leonardo Resende; presidente nacional do MDB Afro, Nestor Neto; coordenador dos N\u00facleos do MDB Nacional, Bruno Gabriel.<\/p>\n\n\n\n<figure class=\"wp-block-image size-large\"><img loading=\"lazy\" decoding=\"async\" width=\"1024\" height=\"683\" src=\"https:\/\/www.paranapraia.com.br\/wp-content\/uploads\/2021\/11\/252050507_2466174496845921_9086000246761239972_n-1024x683.jpg\" alt=\"\" class=\"wp-image-35340\" srcset=\"https:\/\/www.paranapraia.com.br\/wp-content\/uploads\/2021\/11\/252050507_2466174496845921_9086000246761239972_n-1024x683.jpg 1024w, https:\/\/www.paranapraia.com.br\/wp-content\/uploads\/2021\/11\/252050507_2466174496845921_9086000246761239972_n-300x200.jpg 300w, https:\/\/www.paranapraia.com.br\/wp-content\/uploads\/2021\/11\/252050507_2466174496845921_9086000246761239972_n-768x512.jpg 768w, https:\/\/www.paranapraia.com.br\/wp-content\/uploads\/2021\/11\/252050507_2466174496845921_9086000246761239972_n-696x464.jpg 696w, https:\/\/www.paranapraia.com.br\/wp-content\/uploads\/2021\/11\/252050507_2466174496845921_9086000246761239972_n-1068x712.jpg 1068w, https:\/\/www.paranapraia.com.br\/wp-content\/uploads\/2021\/11\/252050507_2466174496845921_9086000246761239972_n-630x420.jpg 630w, https:\/\/www.paranapraia.com.br\/wp-content\/uploads\/2021\/11\/252050507_2466174496845921_9086000246761239972_n.jpg 1368w\" sizes=\"(max-width: 1024px) 100vw, 1024px\" \/><figcaption>Prefeito de Pontal do Paran\u00e1, filiado desde os 16 anos, fala para os jovens <\/figcaption><\/figure>\n\n\n\n<p>Para conferir todos os discursos realizados durante a Conven\u00e7\u00e3o da Juventude do MDB do Paran\u00e1, basta acessar o link: <a href=\"https:\/\/www.facebook.com\/mdbpr15\/videos\/1058498204906442\">https:\/\/www.facebook.com\/mdbpr15\/videos\/1058498204906442<\/a><\/p>\n\n\n\n<p>Veja tamb\u00e9m as fotos no link: <a href=\"https:\/\/www.facebook.com\/mdbpr15\/posts\/2466177576845613\">https:\/\/www.facebook.com\/mdbpr15\/posts\/2466177576845613<\/a><\/p>\n\n\n\n<p>Assessoria<\/p>\n","protected":false},"excerpt":{"rendered":"<p>Mais de 300 jovens participaram neste s\u00e1bado (06) da Conven\u00e7\u00e3o Estadual da Juventude do MDB, realizada em Almirante Tamandar\u00e9, na Regi\u00e3o Metropolitana de Curitiba. Ap\u00f3s um per\u00edodo sem o n\u00facleo jovem no Paran\u00e1, o atual presidente da comiss\u00e3o provis\u00f3ria, Eduardo Ferreira, foi conduzido para presidir o novo Diret\u00f3rio da JMDB-PR. Al\u00e9m das lideran\u00e7as paranaenses, prefeitos [&hellip;]<\/p>\n","protected":false},"author":2,"featured_media":35335,"comment_status":"open","ping_status":"open","sticky":false,"template":"","format":"standard","meta":{"advanced_seo_description":"","jetpack_seo_html_title":"","jetpack_seo_noindex":false,"_jetpack_memberships_contains_paid_content":false,"footnotes":""},"categories":[40],"tags":[],"class_list":{"0":"post-35334","1":"post","2":"type-post","3":"status-publish","4":"format-standard","5":"has-post-thumbnail","7":"category-destaques"},"jetpack_featured_media_url":"https:\/\/www.paranapraia.com.br\/wp-content\/uploads\/2021\/11\/253672526_2466173486846022_4030817228338178577_n.jpg","jetpack_sharing_enabled":true,"_links":{"self":[{"href":"https:\/\/www.paranapraia.com.br\/index.php\/wp-json\/wp\/v2\/posts\/35334"}],"collection":[{"href":"https:\/\/www.paranapraia.com.br\/index.php\/wp-json\/wp\/v2\/posts"}],"about":[{"href":"https:\/\/www.paranapraia.com.br\/index.php\/wp-json\/wp\/v2\/types\/post"}],"author":[{"embeddable":true,"href":"https:\/\/www.paranapraia.com.br\/index.php\/wp-json\/wp\/v2\/users\/2"}],"replies":[{"embeddable":true,"href":"https:\/\/www.paranapraia.com.br\/index.php\/wp-json\/wp\/v2\/comments?post=35334"}],"version-history":[{"count":3,"href":"https:\/\/www.paranapraia.com.br\/index.php\/wp-json\/wp\/v2\/posts\/35334\/revisions"}],"predecessor-version":[{"id":35343,"href":"https:\/\/www.paranapraia.com.br\/index.php\/wp-json\/wp\/v2\/posts\/35334\/revisions\/35343"}],"wp:featuredmedia":[{"embeddable":true,"href":"https:\/\/www.paranapraia.com.br\/index.php\/wp-json\/wp\/v2\/media\/35335"}],"wp:attachment":[{"href":"https:\/\/www.paranapraia.com.br\/index.php\/wp-json\/wp\/v2\/media?parent=35334"}],"wp:term":[{"taxonomy":"category","embeddable":true,"href":"https:\/\/www.paranapraia.com.br\/index.php\/wp-json\/wp\/v2\/categories?post=35334"},{"taxonomy":"post_tag","embeddable":true,"href":"https:\/\/www.paranapraia.com.br\/index.php\/wp-json\/wp\/v2\/tags?post=35334"}],"curies":[{"name":"wp","href":"https:\/\/api.w.org\/{rel}","templated":true}]}}