{"id":35324,"date":"2021-09-16T14:41:00","date_gmt":"2021-09-16T17:41:00","guid":{"rendered":"https:\/\/www.paranapraia.com.br\/?p=35324"},"modified":"2021-11-05T14:43:51","modified_gmt":"2021-11-05T17:43:51","slug":"servidores-do-estado-devem-realizar-atualizacao-cadastral-de-recursos-humanos-ate-novembro","status":"publish","type":"post","link":"https:\/\/www.paranapraia.com.br\/index.php\/2021\/09\/16\/servidores-do-estado-devem-realizar-atualizacao-cadastral-de-recursos-humanos-ate-novembro\/","title":{"rendered":"Servidores do Estado devem realizar atualiza\u00e7\u00e3o cadastral de recursos humanos at\u00e9 novembro"},"content":{"rendered":"\n<p>A Secretaria de&nbsp;Estado da Administra\u00e7\u00e3o e da Previd\u00eancia inicia nesta segunda-feira (25) o processo de Atualiza\u00e7\u00e3o Cadastral de Recursos Humanos \u2013 PAC-RH. Ela tem&nbsp;car\u00e1ter pessoal e \u00e9 obrigat\u00f3ria aos servidores efetivos civis e militares ativos; aos empregados ativos regidos pela Consolida\u00e7\u00e3o das Leis do Trabalho (CLT); aos contratados sob o Regime de Contrato Especial (CRES) e aos ocupantes de cargos de provimento em comiss\u00e3o.<\/p>\n\n\n\n<p>Segundo a pasta, a atualiza\u00e7\u00e3o tamb\u00e9m se aplica aos servidores e empregados afastados, licenciados, cedidos ou em disposi\u00e7\u00e3o funcional, com ou sem \u00f4nus.<\/p>\n\n\n\n<p>O prazo para atualiza\u00e7\u00e3o vai at\u00e9 25 de novembro e deve ser realizada por&nbsp;<a href=\"https:\/\/www.atualizacaocadastral.pr.gov.br\/prf\/\" target=\"_blank\" rel=\"noreferrer noopener\">este link<\/a>. O servidor precisar\u00e1 ter em m\u00e3os o RG, CPF, CNH, t\u00edtulo de eleitor, comprovante de resid\u00eancia e utilizar, obrigatoriamente, o e-mail institucional do Estado. Para realizar a atualiza\u00e7\u00e3o cadastral dos dependentes, \u00e9 necess\u00e1rio RG, certid\u00e3o de nascimento, comprovante de resid\u00eancia e CPF, que n\u00e3o pode ser preenchido com o mesmo n\u00famero do servidor titular.<\/p>\n\n\n\n<p>Em caso de d\u00favidas, \u00e9 preciso procurar a unidade de Recursos Humanos das Secretarias e respectivos \u00f3rg\u00e3os p\u00fablicos.<\/p>\n\n\n\n<p>AEN<\/p>\n","protected":false},"excerpt":{"rendered":"<p>A Secretaria de&nbsp;Estado da Administra\u00e7\u00e3o e da Previd\u00eancia inicia nesta segunda-feira (25) o processo de Atualiza\u00e7\u00e3o Cadastral de Recursos Humanos \u2013 PAC-RH. Ela tem&nbsp;car\u00e1ter pessoal e \u00e9 obrigat\u00f3ria aos servidores efetivos civis e militares ativos; aos empregados ativos regidos pela Consolida\u00e7\u00e3o das Leis do Trabalho (CLT); aos contratados sob o Regime de Contrato Especial (CRES) [&hellip;]<\/p>\n","protected":false},"author":2,"featured_media":35325,"comment_status":"open","ping_status":"open","sticky":false,"template":"","format":"standard","meta":{"advanced_seo_description":"","jetpack_seo_html_title":"","jetpack_seo_noindex":false,"_jetpack_memberships_contains_paid_content":false,"footnotes":""},"categories":[35],"tags":[],"class_list":{"0":"post-35324","1":"post","2":"type-post","3":"status-publish","4":"format-standard","5":"has-post-thumbnail","7":"category-economia"},"jetpack_featured_media_url":"https:\/\/www.paranapraia.com.br\/wp-content\/uploads\/2021\/11\/news_interna_Atualizacao_PACRH.jpg","jetpack_sharing_enabled":true,"_links":{"self":[{"href":"https:\/\/www.paranapraia.com.br\/index.php\/wp-json\/wp\/v2\/posts\/35324"}],"collection":[{"href":"https:\/\/www.paranapraia.com.br\/index.php\/wp-json\/wp\/v2\/posts"}],"about":[{"href":"https:\/\/www.paranapraia.com.br\/index.php\/wp-json\/wp\/v2\/types\/post"}],"author":[{"embeddable":true,"href":"https:\/\/www.paranapraia.com.br\/index.php\/wp-json\/wp\/v2\/users\/2"}],"replies":[{"embeddable":true,"href":"https:\/\/www.paranapraia.com.br\/index.php\/wp-json\/wp\/v2\/comments?post=35324"}],"version-history":[{"count":1,"href":"https:\/\/www.paranapraia.com.br\/index.php\/wp-json\/wp\/v2\/posts\/35324\/revisions"}],"predecessor-version":[{"id":35326,"href":"https:\/\/www.paranapraia.com.br\/index.php\/wp-json\/wp\/v2\/posts\/35324\/revisions\/35326"}],"wp:featuredmedia":[{"embeddable":true,"href":"https:\/\/www.paranapraia.com.br\/index.php\/wp-json\/wp\/v2\/media\/35325"}],"wp:attachment":[{"href":"https:\/\/www.paranapraia.com.br\/index.php\/wp-json\/wp\/v2\/media?parent=35324"}],"wp:term":[{"taxonomy":"category","embeddable":true,"href":"https:\/\/www.paranapraia.com.br\/index.php\/wp-json\/wp\/v2\/categories?post=35324"},{"taxonomy":"post_tag","embeddable":true,"href":"https:\/\/www.paranapraia.com.br\/index.php\/wp-json\/wp\/v2\/tags?post=35324"}],"curies":[{"name":"wp","href":"https:\/\/api.w.org\/{rel}","templated":true}]}}