{"id":3532,"date":"2019-03-30T10:53:23","date_gmt":"2019-03-30T13:53:23","guid":{"rendered":"https:\/\/www.paranapraia.com.br\/?p=3532"},"modified":"2019-03-30T10:53:24","modified_gmt":"2019-03-30T13:53:24","slug":"oito-municipios-investem-r-539-milhoes-em-obras-e-equipamentos","status":"publish","type":"post","link":"https:\/\/www.paranapraia.com.br\/index.php\/2019\/03\/30\/oito-municipios-investem-r-539-milhoes-em-obras-e-equipamentos\/","title":{"rendered":"Oito munic\u00edpios investem R$ 5,39 milh\u00f5es em obras e equipamentos"},"content":{"rendered":"\n<p>Pavimenta\u00e7\u00e3o asf\u00e1ltica, pista de caminhada e aquisi\u00e7\u00e3o de equipamentos e ve\u00edculos s\u00e3o algumas das a\u00e7\u00f5es que oito munic\u00edpios do Noroeste do Paran\u00e1 far\u00e3o com recursos do Governo do Estado. O governador Carlos Massa Ratinho Junior esteve, na sexta-feira (29), na sede da Associa\u00e7\u00e3o dos Munic\u00edpios do Setentri\u00e3o Paranaense (Amusep), em Maring\u00e1, e homologou e autorizou editais de licita\u00e7\u00e3o que somam R$ 5,39 milh\u00f5es.<\/p>\n\n\n\n<p>O encontro com os prefeitos comemorou os 47 anos da entidade, que congrega 30 munic\u00edpios. \u201c\u00c9 uma associa\u00e7\u00e3o que tem fun\u00e7\u00e3o importante, que \u00e9 organizar as quest\u00f5es regionais do Noroeste\u201d, disse o governador. Os investimentos autorizados no evento ser\u00e3o feitos em Alto Paran\u00e1, Borraz\u00f3polis, Ivatuba, Mandaguari, Marialva, Novo Itacolomi, S\u00e3o Pedro do Iva\u00ed e Rancho Alegre D\u2019Oeste.<\/p>\n\n\n\n<p>Ratinho Junior afirmou que passado per\u00edodo de planejamento das a\u00e7\u00f5es, \u00e9 hora de olhar ainda mais para os munic\u00edpios. \u201cVamos direcionar recursos para as prefeituras, que est\u00e3o mais pr\u00f3ximas da popula\u00e7\u00e3o e podem melhorar a qualidade a vida das pessoas\u201d, disse.<\/p>\n\n\n\n<p>Ele tamb\u00e9m afirmou que a ideia \u00e9 levar cada vez mais o governo para o Interior, a partir de grandes eventos, como o Show Rural, que ocorreu em Cascavel, em fevereiro, e a Expolondrina, que acontecer\u00e1 neste m\u00eas de abril. \u201c\u00c9 um modelo inovador de gest\u00e3o p\u00fablica, pois quando transferimos a administra\u00e7\u00e3o estadual para outras cidades, levamos toda a equipe para trabalhar e agilizar a\u00e7\u00f5es para as regi\u00f5es\u201d, disse.<\/p>\n\n\n\n<p>O presidente da Amusep e prefeito de Atalaia, F\u00e1bio Fumagalli, relatou que essa parceria com o Governo do Paran\u00e1 \u00e9 essencial para o desenvolvimento da regi\u00e3o Noroeste. \u201cO Estado tem um vi\u00e9s municipalista e isso \u00e9 fundamental, principalmente as pequenas cidades, que precisam de apoio para conseguir melhorias para a popula\u00e7\u00e3o\u201d, disse ele.<\/p>\n\n\n\n<p>O Estado \u00e9 um bra\u00e7o de apoio aos munic\u00edpios, afirmou o secret\u00e1rio de Estado de Desenvolvimento Urbano, Jo\u00e3o Carlos Ortega. \u201cAs prefeituras precisam apresentar projetos. S\u00f3 assim conseguimos liberar recursos necess\u00e1rios para os investimentos\u201d, explicou.<\/p>\n\n\n\n<h2 class=\"wp-block-heading\">Infraestrutura<\/h2>\n\n\n\n<p>Mandaguari vai investir R$ 2,66 milh\u00f5es em obras de melhoria de ruas e na aquisi\u00e7\u00e3o de um ve\u00edculo. Ruas dos bairros Jardim Progresso, Jardim Cristina e Jardim Lorena ser\u00e3o asfaltadas e receber\u00e3o servi\u00e7os de drenagem, cal\u00e7adas, rampas de acessibilidade, meio-fio com sarjeta, urbaniza\u00e7\u00e3o e sinaliza\u00e7\u00e3o vi\u00e1ria. Tamb\u00e9m est\u00e1 previsto o recapeamento asf\u00e1ltico de uma \u00e1rea de 18,3 mil metros quadrados.<\/p>\n\n\n\n<p>\u201cCom essas obras, aguardadas h\u00e1 30 anos, vamos garantir mais infraestrutura para esses bairros e mais conforto e qualidade de vida para as seis mil pessoas que vivem neles\u201d, disse o prefeito de Romualdo Batista. \u201cA popula\u00e7\u00e3o est\u00e1 ansiosa com o in\u00edcio dos projetos e feliz com a not\u00edcia\u201d, acrescentou.<\/p>\n\n\n\n<p>O recurso para as obras no munic\u00edpio \u00e9 do Sistema de Financiamento aos Munic\u00edpios, linha operacionalizada em parceria pela Secretaria do Desenvolvimento Urbano e Fomento Paran\u00e1. J\u00e1 o ve\u00edculo, no valor de R$ 48 mil, \u00e9 a fundo perdido.<\/p>\n\n\n\n<h2 class=\"wp-block-heading\">Agilidade<\/h2>\n\n\n\n<p>O munic\u00edpio de Marialva vai licitar a compra de equipamentos rodovi\u00e1rios. O financiamento, no valor de R$ 487 mil, \u00e9 para a aquisi\u00e7\u00e3o de um caminh\u00e3o equipado com Roll-on\/Roll-off e cinco ca\u00e7ambas. O prefeito Victor Martini relatou que ser\u00e3o utilizados no Ecoponto, um local no munic\u00edpio onde a popula\u00e7\u00e3o pode depositar m\u00f3veis velhos, entulhos e tudo o que n\u00e3o tem mais utilidade.<\/p>\n\n\n\n<p>O espa\u00e7o, localizado perto do cemit\u00e9rio municipal, recebe 15 metros c\u00fabicos de entulhos e 60 metros c\u00fabicos de madeira por semana. \u201cCom essas novas ca\u00e7ambas, que ser\u00e3o colocadas no Ecoponto, vamos conseguir separar melhor o lixo. Assim que elas ficarem cheias, utilizamos o novo caminh\u00e3o para retirar os res\u00edduos\u201d.<\/p>\n\n\n\n<p>Em Ivatuba ser\u00e3o tr\u00eas projetos tamb\u00e9m financiados pelo Governo do Estado: implanta\u00e7\u00e3o de uma pista de caminhada com extens\u00e3o de 1.550 metros, pavimenta\u00e7\u00e3o asf\u00e1ltica de uma \u00e1rea de 1,8 mil metros quadrados e recapeamento em uma \u00e1rea de 973 metros quadrados em vias urbanas do munic\u00edpio. O recurso total \u00e9 de R$ 418,5 mil.<\/p>\n\n\n\n<p>Alto Paran\u00e1 vai pavimentar ruas, com meio-fio, sarjetas, cal\u00e7adas, rampas com piso t\u00e1til, galeria de \u00e1guas pluviais. O investimento \u00e9 de R$ 710,12 mil. O munic\u00edpio de Rancho Alegre D\u2019Oeste tamb\u00e9m vai fazer obras de pavimenta\u00e7\u00e3o, no valor de R$ 655 mil.<\/p>\n\n\n\n<p>Borraz\u00f3polis e S\u00e3o Pedro do Iva\u00ed v\u00e3o adquirir ve\u00edculos para uso na administra\u00e7\u00e3o municipal. J\u00e1 Novo Itacolomi recebeu a autoriza\u00e7\u00e3o para a aquisi\u00e7\u00e3o de um caminh\u00e3o ca\u00e7amba basculante no valor de R$ 240,9 mil, que \u00e9 a fundo perdido.<\/p>\n\n\n\n<p>AEN<\/p>\n","protected":false},"excerpt":{"rendered":"<p>Pavimenta\u00e7\u00e3o asf\u00e1ltica, pista de caminhada e aquisi\u00e7\u00e3o de equipamentos e ve\u00edculos s\u00e3o algumas das a\u00e7\u00f5es que oito munic\u00edpios do Noroeste do Paran\u00e1 far\u00e3o com recursos do Governo do Estado. O governador Carlos Massa Ratinho Junior esteve, na sexta-feira (29), na sede da Associa\u00e7\u00e3o dos Munic\u00edpios do Setentri\u00e3o Paranaense (Amusep), em Maring\u00e1, e homologou e autorizou [&hellip;]<\/p>\n","protected":false},"author":2,"featured_media":3533,"comment_status":"open","ping_status":"open","sticky":false,"template":"","format":"standard","meta":{"advanced_seo_description":"","jetpack_seo_html_title":"","jetpack_seo_noindex":false,"_jetpack_memberships_contains_paid_content":false,"footnotes":""},"categories":[40],"tags":[],"class_list":{"0":"post-3532","1":"post","2":"type-post","3":"status-publish","4":"format-standard","5":"has-post-thumbnail","7":"category-destaques"},"jetpack_featured_media_url":"https:\/\/www.paranapraia.com.br\/wp-content\/uploads\/2019\/03\/rjr.jpg","jetpack_sharing_enabled":true,"_links":{"self":[{"href":"https:\/\/www.paranapraia.com.br\/index.php\/wp-json\/wp\/v2\/posts\/3532"}],"collection":[{"href":"https:\/\/www.paranapraia.com.br\/index.php\/wp-json\/wp\/v2\/posts"}],"about":[{"href":"https:\/\/www.paranapraia.com.br\/index.php\/wp-json\/wp\/v2\/types\/post"}],"author":[{"embeddable":true,"href":"https:\/\/www.paranapraia.com.br\/index.php\/wp-json\/wp\/v2\/users\/2"}],"replies":[{"embeddable":true,"href":"https:\/\/www.paranapraia.com.br\/index.php\/wp-json\/wp\/v2\/comments?post=3532"}],"version-history":[{"count":1,"href":"https:\/\/www.paranapraia.com.br\/index.php\/wp-json\/wp\/v2\/posts\/3532\/revisions"}],"predecessor-version":[{"id":3534,"href":"https:\/\/www.paranapraia.com.br\/index.php\/wp-json\/wp\/v2\/posts\/3532\/revisions\/3534"}],"wp:featuredmedia":[{"embeddable":true,"href":"https:\/\/www.paranapraia.com.br\/index.php\/wp-json\/wp\/v2\/media\/3533"}],"wp:attachment":[{"href":"https:\/\/www.paranapraia.com.br\/index.php\/wp-json\/wp\/v2\/media?parent=3532"}],"wp:term":[{"taxonomy":"category","embeddable":true,"href":"https:\/\/www.paranapraia.com.br\/index.php\/wp-json\/wp\/v2\/categories?post=3532"},{"taxonomy":"post_tag","embeddable":true,"href":"https:\/\/www.paranapraia.com.br\/index.php\/wp-json\/wp\/v2\/tags?post=3532"}],"curies":[{"name":"wp","href":"https:\/\/api.w.org\/{rel}","templated":true}]}}