{"id":35306,"date":"2021-11-05T14:22:24","date_gmt":"2021-11-05T17:22:24","guid":{"rendered":"https:\/\/www.paranapraia.com.br\/?p=35306"},"modified":"2021-11-05T14:22:27","modified_gmt":"2021-11-05T17:22:27","slug":"pcpr-prende-lider-religioso-por-estupro-de-vulneravel-contra-as-proprias-filhas","status":"publish","type":"post","link":"https:\/\/www.paranapraia.com.br\/index.php\/2021\/11\/05\/pcpr-prende-lider-religioso-por-estupro-de-vulneravel-contra-as-proprias-filhas\/","title":{"rendered":"PCPR prende l\u00edder religioso por estupro de vulner\u00e1vel contra as pr\u00f3prias filhas"},"content":{"rendered":"\n<p>A Pol\u00edcia Civil do Paran\u00e1 (PCPR) prende l\u00edder religioso, de 43 anos, por estupro de vulner\u00e1vel contra as pr\u00f3prias filhas e uma amiga das crian\u00e7as. A captura ocorreu em Curitiba, na quinta-feira (4).&nbsp;<\/p>\n\n\n\n<p>Uma das filhas do homem sofreu viol\u00eancia entre 2009 e 2010, quando tinha 10 anos. J\u00e1 a irm\u00e3 come\u00e7ou a sofrer estupro do pai aos 8 anos, em 2010, e o ciclo do abuso persistiu at\u00e9 2013. O homem estuprou ainda a amiga das filhas, de 10 anos, no ano de 2008, o crime ocorreu na casa da fam\u00edlia e em eventuais encontros religiosos. &nbsp;<\/p>\n\n\n\n<p>Durante a a\u00e7\u00e3o, a PCPR tamb\u00e9m prendeu preventivamente um homem, de 39 anos, que havia estuprado a filha da prima dele de 6 anos, em 2015. A pris\u00e3o ocorreu no bairro Boqueir\u00e3o.<\/p>\n\n\n\n<p>PCPR<\/p>\n\n\n\n<p><\/p>\n","protected":false},"excerpt":{"rendered":"<p>A Pol\u00edcia Civil do Paran\u00e1 (PCPR) prende l\u00edder religioso, de 43 anos, por estupro de vulner\u00e1vel contra as pr\u00f3prias filhas e uma amiga das crian\u00e7as. A captura ocorreu em Curitiba, na quinta-feira (4).&nbsp; Uma das filhas do homem sofreu viol\u00eancia entre 2009 e 2010, quando tinha 10 anos. J\u00e1 a irm\u00e3 come\u00e7ou a sofrer estupro [&hellip;]<\/p>\n","protected":false},"author":2,"featured_media":35307,"comment_status":"open","ping_status":"open","sticky":false,"template":"","format":"standard","meta":{"advanced_seo_description":"","jetpack_seo_html_title":"","jetpack_seo_noindex":false,"_jetpack_memberships_contains_paid_content":false,"footnotes":""},"categories":[33],"tags":[],"class_list":{"0":"post-35306","1":"post","2":"type-post","3":"status-publish","4":"format-standard","5":"has-post-thumbnail","7":"category-policia"},"jetpack_featured_media_url":"https:\/\/www.paranapraia.com.br\/wp-content\/uploads\/2021\/11\/211022_untitled_7501.jpg","jetpack_sharing_enabled":true,"_links":{"self":[{"href":"https:\/\/www.paranapraia.com.br\/index.php\/wp-json\/wp\/v2\/posts\/35306"}],"collection":[{"href":"https:\/\/www.paranapraia.com.br\/index.php\/wp-json\/wp\/v2\/posts"}],"about":[{"href":"https:\/\/www.paranapraia.com.br\/index.php\/wp-json\/wp\/v2\/types\/post"}],"author":[{"embeddable":true,"href":"https:\/\/www.paranapraia.com.br\/index.php\/wp-json\/wp\/v2\/users\/2"}],"replies":[{"embeddable":true,"href":"https:\/\/www.paranapraia.com.br\/index.php\/wp-json\/wp\/v2\/comments?post=35306"}],"version-history":[{"count":1,"href":"https:\/\/www.paranapraia.com.br\/index.php\/wp-json\/wp\/v2\/posts\/35306\/revisions"}],"predecessor-version":[{"id":35308,"href":"https:\/\/www.paranapraia.com.br\/index.php\/wp-json\/wp\/v2\/posts\/35306\/revisions\/35308"}],"wp:featuredmedia":[{"embeddable":true,"href":"https:\/\/www.paranapraia.com.br\/index.php\/wp-json\/wp\/v2\/media\/35307"}],"wp:attachment":[{"href":"https:\/\/www.paranapraia.com.br\/index.php\/wp-json\/wp\/v2\/media?parent=35306"}],"wp:term":[{"taxonomy":"category","embeddable":true,"href":"https:\/\/www.paranapraia.com.br\/index.php\/wp-json\/wp\/v2\/categories?post=35306"},{"taxonomy":"post_tag","embeddable":true,"href":"https:\/\/www.paranapraia.com.br\/index.php\/wp-json\/wp\/v2\/tags?post=35306"}],"curies":[{"name":"wp","href":"https:\/\/api.w.org\/{rel}","templated":true}]}}